{"id":32073,"date":"2024-02-20T13:42:42","date_gmt":"2024-02-20T12:42:42","guid":{"rendered":"https:\/\/agora.xtec.cat\/escolapaisoscatalans\/?p=32073"},"modified":"2024-06-12T14:13:26","modified_gmt":"2024-06-12T12:13:26","slug":"racons-de-llengua-ronda-3","status":"publish","type":"post","link":"https:\/\/agora.xtec.cat\/escolapaisoscatalans\/2n\/racons-de-llengua-ronda-3\/","title":{"rendered":"Racons de llengua &#8211; Ronda 3"},"content":{"rendered":"<p>En aquesta tercera ronda hem fet:<\/p>\n<p><strong><span style=\"color: #ff0000;\">Lector<\/span><\/strong>: els infants realitzen de forma aut\u00f2noma aquest quadern, on es treballa la comprensi\u00f3 lectora i es respecta el ritme de cada un d&#8217;ells i elles.<\/p>\n<p><strong><span style=\"color: #00ff00;\">Joc de mots<\/span><\/strong>: en aquest rac\u00f3 es treballa l&#8217;adquisici\u00f3 de vocabulari en llengua catalana a trav\u00e9s de sopa de lletres, mots encreuats i jerogl\u00edfics. En aquest rac\u00f3 cada infant segueix el seu ritme de treball.<\/p>\n<p><strong><span style=\"color: #0000ff;\">Ens movem per Catalunya<\/span><\/strong>: joc de taula de construcci\u00f3 pr\u00f2pia que consisteix en anar passant les caselles tot resolent les preguntes que els toca sobre medi natural, social i cultural relacionat amb la nostra ciutat, Lleida.<\/p>\n<p><span style=\"color: #ff00ff;\"><strong>Veig veig<\/strong>:<\/span>\u00a0 a partir de l\u2019observaci\u00f3 i atenci\u00f3 sobre una imatge nadalenca, l\u2019alumnat ha d\u2019escriure tot el que veu, completar paraules i pensar si \u00e9s veritat o fals. \u00c9s molt important est\u00e0 ben atents a tots els detalls.<\/p>\n<p><span style=\"color: #ffcc00;\"><strong>Kapla<\/strong><\/span>: En aquesta ronda el repte consisteix en construir una cadira.. Aquest joc ens agrada molt i continuem amb molta motivaci\u00f3.<\/p>\n<p>A continuaci\u00f3 tenim una petita mostra d&#8217;aquesta ronda. Cliqueu sobre la imatge.<\/p>\n<p><a href=\"https:\/\/agora.xtec.cat\/escolapaisoscatalans\/general\/racons-de-llengua-ronda-3-3\/\"><img loading=\"lazy\" decoding=\"async\" class=\"alignnone wp-image-32071\" src=\"https:\/\/agora.xtec.cat\/escolapaisoscatalans\/wp-content\/uploads\/usu491\/2024\/06\/mapa-de-comarques-catalunya-i-capitals.png\" alt=\"\" width=\"475\" height=\"454\" srcset=\"https:\/\/agora.xtec.cat\/escolapaisoscatalans\/wp-content\/uploads\/usu491\/2024\/06\/mapa-de-comarques-catalunya-i-capitals.png 618w, https:\/\/agora.xtec.cat\/escolapaisoscatalans\/wp-content\/uploads\/usu491\/2024\/06\/mapa-de-comarques-catalunya-i-capitals-300x287.png 300w\" sizes=\"auto, (max-width: 475px) 100vw, 475px\" \/><\/a><\/p>\n","protected":false},"excerpt":{"rendered":"<p>En aquesta tercera ronda hem fet:<br \/>\nLector: els infants realitzen de forma aut\u00f2noma aquest quadern, on es treballa la comprensi\u00f3 lectora i es respecta el ritme de cada un d&#8217;ells i elles.<br \/>\nJoc de mots: en aquest rac\u00f3 es treballa l&#8217;adquisici\u00f3 de vocabulari en llengua catalana a&hellip;  <a href=\"https:\/\/agora.xtec.cat\/escolapaisoscatalans\/2n\/racons-de-llengua-ronda-3\/\" title=\"Read Racons de llengua &#8211; Ronda 3\">Llegeix m\u00e9s\u00bb<\/a><\/p>\n","protected":false},"author":11,"featured_media":0,"comment_status":"open","ping_status":"closed","sticky":false,"template":"","format":"standard","meta":{"_bbp_topic_count":0,"_bbp_reply_count":0,"_bbp_total_topic_count":0,"_bbp_total_reply_count":0,"_bbp_voice_count":0,"_bbp_anonymous_reply_count":0,"_bbp_topic_count_hidden":0,"_bbp_reply_count_hidden":0,"_bbp_forum_subforum_count":0,"footnotes":""},"categories":[11],"tags":[],"class_list":["post-32073","post","type-post","status-publish","format-standard","hentry","category-2n"],"post_mailing_queue_ids":[],"_links":{"self":[{"href":"https:\/\/agora.xtec.cat\/escolapaisoscatalans\/wp-json\/wp\/v2\/posts\/32073","targetHints":{"allow":["GET"]}}],"collection":[{"href":"https:\/\/agora.xtec.cat\/escolapaisoscatalans\/wp-json\/wp\/v2\/posts"}],"about":[{"href":"https:\/\/agora.xtec.cat\/escolapaisoscatalans\/wp-json\/wp\/v2\/types\/post"}],"author":[{"embeddable":true,"href":"https:\/\/agora.xtec.cat\/escolapaisoscatalans\/wp-json\/wp\/v2\/users\/11"}],"replies":[{"embeddable":true,"href":"https:\/\/agora.xtec.cat\/escolapaisoscatalans\/wp-json\/wp\/v2\/comments?post=32073"}],"version-history":[{"count":4,"href":"https:\/\/agora.xtec.cat\/escolapaisoscatalans\/wp-json\/wp\/v2\/posts\/32073\/revisions"}],"predecessor-version":[{"id":32077,"href":"https:\/\/agora.xtec.cat\/escolapaisoscatalans\/wp-json\/wp\/v2\/posts\/32073\/revisions\/32077"}],"wp:attachment":[{"href":"https:\/\/agora.xtec.cat\/escolapaisoscatalans\/wp-json\/wp\/v2\/media?parent=32073"}],"wp:term":[{"taxonomy":"category","embeddable":true,"href":"https:\/\/agora.xtec.cat\/escolapaisoscatalans\/wp-json\/wp\/v2\/categories?post=32073"},{"taxonomy":"post_tag","embeddable":true,"href":"https:\/\/agora.xtec.cat\/escolapaisoscatalans\/wp-json\/wp\/v2\/tags?post=32073"}],"curies":[{"name":"wp","href":"https:\/\/api.w.org\/{rel}","templated":true}]}}