{"id":31343,"date":"2024-05-15T14:50:11","date_gmt":"2024-05-15T12:50:11","guid":{"rendered":"https:\/\/agora.xtec.cat\/escolapaisoscatalans\/?p=31343"},"modified":"2024-05-15T17:30:20","modified_gmt":"2024-05-15T15:30:20","slug":"arquitectura-a-les-aules","status":"publish","type":"post","link":"https:\/\/agora.xtec.cat\/escolapaisoscatalans\/general\/arquitectura-a-les-aules\/","title":{"rendered":"ARQUITECTURA A LES AULES"},"content":{"rendered":"<p><a href=\"https:\/\/agora.xtec.cat\/escolapaisoscatalans\/general\/arquitectura-a-les-aules-2\/\"><img loading=\"lazy\" decoding=\"async\" class=\"aligncenter size-large wp-image-31345\" src=\"https:\/\/agora.xtec.cat\/escolapaisoscatalans\/wp-content\/uploads\/usu491\/2024\/05\/IMG_20240514_102009_416-768x1024.jpg\" alt=\"\" width=\"768\" height=\"1024\" \/><\/a><\/p>\n<p style=\"text-align: justify;\"><span style=\"font-family: inherit; font-size: 1em;\">Aprofitant la setmana de l&#8217;arquitectura, l&#8217;alumnat de 5\u00e8 ha realitzat aquest dimarts una activitat ben creativa relacionada amb el modernisme i les caten\u00e0ries de l&#8217;Antoni Gaud\u00ed.<\/span><\/p>\n<p style=\"text-align: justify;\">Tenint en compte que ten\u00edem molt recent la nostra visita al CdA de Barcelona i l&#8217;estudi d&#8217;aquest gran geni del modernisme, ha estat una activitat d&#8217;all\u00f2 m\u00e9s profitosa.<\/p>\n<p style=\"text-align: justify;\">Moltes gr\u00e0cies al Guillem Mu\u00f1oz Manzano, jove arquitecte lleidat\u00e0, per dinamitzar una bonica jornada relacionada amb l&#8217;arquitectura.<\/p>\n<p style=\"text-align: justify;\">Si voleu veure el desenvolupament de l&#8217;activitat, cliqueu a la foto.<\/p>\n","protected":false},"excerpt":{"rendered":"<p>Aprofitant la setmana de l&#8217;arquitectura, l&#8217;alumnat de 5\u00e8 ha realitzat aquest dimarts una activitat ben creativa relacionada amb el modernisme i les caten\u00e0ries de l&#8217;Antoni Gaud\u00ed. Tenint en compte que ten\u00edem molt recent la nostra visita al CdA de Barcelona i l&#8217;estudi d&#8217;aquest gran geni del modernisme, ha estat una activitat d&#8217;all\u00f2 m\u00e9s profitosa. Moltes [&hellip;]<\/p>\n","protected":false},"author":13,"featured_media":0,"comment_status":"open","ping_status":"closed","sticky":false,"template":"","format":"standard","meta":{"_bbp_topic_count":0,"_bbp_reply_count":0,"_bbp_total_topic_count":0,"_bbp_total_reply_count":0,"_bbp_voice_count":0,"_bbp_anonymous_reply_count":0,"_bbp_topic_count_hidden":0,"_bbp_reply_count_hidden":0,"_bbp_forum_subforum_count":0,"site-sidebar-layout":"default","site-content-layout":"","ast-site-content-layout":"","site-content-style":"default","site-sidebar-style":"default","ast-global-header-display":"","ast-banner-title-visibility":"","ast-main-header-display":"","ast-hfb-above-header-display":"","ast-hfb-below-header-display":"","ast-hfb-mobile-header-display":"","site-post-title":"","ast-breadcrumbs-content":"","ast-featured-img":"","footer-sml-layout":"","theme-transparent-header-meta":"","adv-header-id-meta":"","stick-header-meta":"","header-above-stick-meta":"","header-main-stick-meta":"","header-below-stick-meta":"","astra-migrate-meta-layouts":"default","ast-page-background-enabled":"default","ast-page-background-meta":{"desktop":{"background-color":"var(--ast-global-color-4)","background-image":"","background-repeat":"repeat","background-position":"center center","background-size":"auto","background-attachment":"scroll","background-type":"","background-media":"","overlay-type":"","overlay-color":"","overlay-opacity":"","overlay-gradient":""},"tablet":{"background-color":"","background-image":"","background-repeat":"repeat","background-position":"center center","background-size":"auto","background-attachment":"scroll","background-type":"","background-media":"","overlay-type":"","overlay-color":"","overlay-opacity":"","overlay-gradient":""},"mobile":{"background-color":"","background-image":"","background-repeat":"repeat","background-position":"center center","background-size":"auto","background-attachment":"scroll","background-type":"","background-media":"","overlay-type":"","overlay-color":"","overlay-opacity":"","overlay-gradient":""}},"ast-content-background-meta":{"desktop":{"background-color":"var(--ast-global-color-5)","background-image":"","background-repeat":"repeat","background-position":"center center","background-size":"auto","background-attachment":"scroll","background-type":"","background-media":"","overlay-type":"","overlay-color":"","overlay-opacity":"","overlay-gradient":""},"tablet":{"background-color":"var(--ast-global-color-5)","background-image":"","background-repeat":"repeat","background-position":"center center","background-size":"auto","background-attachment":"scroll","background-type":"","background-media":"","overlay-type":"","overlay-color":"","overlay-opacity":"","overlay-gradient":""},"mobile":{"background-color":"var(--ast-global-color-5)","background-image":"","background-repeat":"repeat","background-position":"center center","background-size":"auto","background-attachment":"scroll","background-type":"","background-media":"","overlay-type":"","overlay-color":"","overlay-opacity":"","overlay-gradient":""}},"footnotes":""},"categories":[14,1,4],"tags":[],"class_list":["post-31343","post","type-post","status-publish","format-standard","hentry","category-5e","category-general","category-portada"],"post_mailing_queue_ids":[],"_links":{"self":[{"href":"https:\/\/agora.xtec.cat\/escolapaisoscatalans\/wp-json\/wp\/v2\/posts\/31343","targetHints":{"allow":["GET"]}}],"collection":[{"href":"https:\/\/agora.xtec.cat\/escolapaisoscatalans\/wp-json\/wp\/v2\/posts"}],"about":[{"href":"https:\/\/agora.xtec.cat\/escolapaisoscatalans\/wp-json\/wp\/v2\/types\/post"}],"author":[{"embeddable":true,"href":"https:\/\/agora.xtec.cat\/escolapaisoscatalans\/wp-json\/wp\/v2\/users\/13"}],"replies":[{"embeddable":true,"href":"https:\/\/agora.xtec.cat\/escolapaisoscatalans\/wp-json\/wp\/v2\/comments?post=31343"}],"version-history":[{"count":5,"href":"https:\/\/agora.xtec.cat\/escolapaisoscatalans\/wp-json\/wp\/v2\/posts\/31343\/revisions"}],"predecessor-version":[{"id":31359,"href":"https:\/\/agora.xtec.cat\/escolapaisoscatalans\/wp-json\/wp\/v2\/posts\/31343\/revisions\/31359"}],"wp:attachment":[{"href":"https:\/\/agora.xtec.cat\/escolapaisoscatalans\/wp-json\/wp\/v2\/media?parent=31343"}],"wp:term":[{"taxonomy":"category","embeddable":true,"href":"https:\/\/agora.xtec.cat\/escolapaisoscatalans\/wp-json\/wp\/v2\/categories?post=31343"},{"taxonomy":"post_tag","embeddable":true,"href":"https:\/\/agora.xtec.cat\/escolapaisoscatalans\/wp-json\/wp\/v2\/tags?post=31343"}],"curies":[{"name":"wp","href":"https:\/\/api.w.org\/{rel}","templated":true}]}}