{"id":30176,"date":"2024-04-04T10:47:24","date_gmt":"2024-04-04T08:47:24","guid":{"rendered":"https:\/\/agora.xtec.cat\/escolapaisoscatalans\/?p=30176"},"modified":"2024-05-03T22:46:57","modified_gmt":"2024-05-03T20:46:57","slug":"espais-i3-marc-2","status":"publish","type":"post","link":"https:\/\/agora.xtec.cat\/escolapaisoscatalans\/i3\/espais-i3-marc-2\/","title":{"rendered":"Espais d&#8217;aprenentatge del 4 al 22 de mar\u00e7"},"content":{"rendered":"<p style=\"text-align: justify;\">Aquestes darreres setmanes de trimestre ens hem centrat molt en el treball de les emocions que ja hav\u00edem iniciat.<\/p>\n<p style=\"text-align: justify;\">-Espai art\u00edstic: producci\u00f3 de la r\u00e0bia amb bombolles de sab\u00f3, de la por amb un fantasma i de la calma pintant una mandala.<\/p>\n<p style=\"text-align: justify;\">-Espai ling\u00fc\u00edstic: consci\u00e8ncia fonol\u00f2gica de la lletra O i la lletra U a trav\u00e9s de la caixa de sons, dels discs de consci\u00e8ncia fonol\u00f2gica i del propi nom, produint a la llibreta Montessori.<\/p>\n<p style=\"text-align: justify;\">-Espai matem\u00e0tic: comptatge de material i correspond\u00e8ncia nombre-quantitat.<\/p>\n<p style=\"text-align: justify;\">-Espai de minimons: juguem i representem emocions a trav\u00e9s del color de cada emoci\u00f3.<\/p>\n<p style=\"text-align: justify;\">-Espai de joc simb\u00f2lic: consolidem rols, vocabulari&#8230;. i la recollida.<\/p>\n<p style=\"text-align: justify;\">-Espai de grafomotricitat: enfilem espaguetis i pius, consolidant la coordinaci\u00f3 \u00f2culo-manual i el treball de la pin\u00e7a.<\/p>\n<p style=\"text-align: justify;\"><a href=\"https:\/\/agora.xtec.cat\/escolapaisoscatalans\/general\/espais-i3-marc\/\" target=\"_blank\" rel=\"noopener\"><img loading=\"lazy\" decoding=\"async\" class=\"alignnone wp-image-30020 size-full\" src=\"https:\/\/agora.xtec.cat\/escolapaisoscatalans\/wp-content\/uploads\/usu491\/2024\/03\/portada-calma.jpg\" alt=\"\" width=\"436\" height=\"327\" \/><\/a><\/p>\n<p>&nbsp;<\/p>\n","protected":false},"excerpt":{"rendered":"<p>Aquestes darreres setmanes de trimestre ens hem centrat molt en el treball de les emocions que ja hav\u00edem iniciat.<br \/>\n-Espai art\u00edstic: producci\u00f3 de la r\u00e0bia amb bombolles de sab\u00f3, de la por amb un fantasma i de la calma pintant una mandala.<br \/>\n-Espai ling\u00fc\u00edstic: consci\u00e8ncia fonol\u00f2gica de&hellip;  <a href=\"https:\/\/agora.xtec.cat\/escolapaisoscatalans\/i3\/espais-i3-marc-2\/\" title=\"Read Espais d&#8217;aprenentatge del 4 al 22 de mar\u00e7\">Llegeix m\u00e9s\u00bb<\/a><\/p>\n","protected":false},"author":7,"featured_media":0,"comment_status":"open","ping_status":"closed","sticky":false,"template":"","format":"standard","meta":{"_bbp_topic_count":0,"_bbp_reply_count":0,"_bbp_total_topic_count":0,"_bbp_total_reply_count":0,"_bbp_voice_count":0,"_bbp_anonymous_reply_count":0,"_bbp_topic_count_hidden":0,"_bbp_reply_count_hidden":0,"_bbp_forum_subforum_count":0,"footnotes":""},"categories":[3],"tags":[],"class_list":["post-30176","post","type-post","status-publish","format-standard","hentry","category-i3"],"post_mailing_queue_ids":[],"_links":{"self":[{"href":"https:\/\/agora.xtec.cat\/escolapaisoscatalans\/wp-json\/wp\/v2\/posts\/30176","targetHints":{"allow":["GET"]}}],"collection":[{"href":"https:\/\/agora.xtec.cat\/escolapaisoscatalans\/wp-json\/wp\/v2\/posts"}],"about":[{"href":"https:\/\/agora.xtec.cat\/escolapaisoscatalans\/wp-json\/wp\/v2\/types\/post"}],"author":[{"embeddable":true,"href":"https:\/\/agora.xtec.cat\/escolapaisoscatalans\/wp-json\/wp\/v2\/users\/7"}],"replies":[{"embeddable":true,"href":"https:\/\/agora.xtec.cat\/escolapaisoscatalans\/wp-json\/wp\/v2\/comments?post=30176"}],"version-history":[{"count":3,"href":"https:\/\/agora.xtec.cat\/escolapaisoscatalans\/wp-json\/wp\/v2\/posts\/30176\/revisions"}],"predecessor-version":[{"id":31147,"href":"https:\/\/agora.xtec.cat\/escolapaisoscatalans\/wp-json\/wp\/v2\/posts\/30176\/revisions\/31147"}],"wp:attachment":[{"href":"https:\/\/agora.xtec.cat\/escolapaisoscatalans\/wp-json\/wp\/v2\/media?parent=30176"}],"wp:term":[{"taxonomy":"category","embeddable":true,"href":"https:\/\/agora.xtec.cat\/escolapaisoscatalans\/wp-json\/wp\/v2\/categories?post=30176"},{"taxonomy":"post_tag","embeddable":true,"href":"https:\/\/agora.xtec.cat\/escolapaisoscatalans\/wp-json\/wp\/v2\/tags?post=30176"}],"curies":[{"name":"wp","href":"https:\/\/api.w.org\/{rel}","templated":true}]}}