{"id":30071,"date":"2024-03-22T12:49:26","date_gmt":"2024-03-22T11:49:26","guid":{"rendered":"https:\/\/agora.xtec.cat\/escolapaisoscatalans\/?p=30071"},"modified":"2024-03-23T22:48:25","modified_gmt":"2024-03-23T21:48:25","slug":"on-es-el-dinar","status":"publish","type":"post","link":"https:\/\/agora.xtec.cat\/escolapaisoscatalans\/general\/on-es-el-dinar\/","title":{"rendered":"ON \u00c9S EL DINAR?"},"content":{"rendered":"<p style=\"text-align: justify;\">El passat dimecres l&#8217;alumnat de 2n vam realitzar una activitat d&#8217;Afrucat.<\/p>\n<p style=\"text-align: justify;\">Amb l&#8217;activitat &#8220;On \u00e9s el dinar?&#8221; vam poder treballar els productes de proximitat i el proc\u00e9s que segueix des que surt el fruit (fruita, verdura, hortalisses&#8230;) fins que arriba a les nostres mans.<\/p>\n<p style=\"text-align: justify;\">Tamb\u00e9 ens van explicar com ha de ser una dieta equilibrada distribu\u00efnt els diferents nutrients dins d&#8217;un plat.<\/p>\n<p style=\"text-align: justify;\">Per acabar, vam poder gaudir d&#8217;un petit tast de poma, mandarina i pastanaga. Ahh! I tamb\u00e9 ens vam endur a casa un iogurt natural! Tots eren productes de proximitat.<\/p>\n<p style=\"text-align: justify;\">Ens ho vam passar molt b\u00e9 !!<\/p>\n<p style=\"text-align: justify;\">Per veure el recull de fotografies, cliqueu <a href=\"https:\/\/agora.xtec.cat\/escolapaisoscatalans\/?p=30075&amp;preview=true\">aqu\u00ed<\/a>.<\/p>\n<p style=\"text-align: justify;\"><a href=\"https:\/\/agora.xtec.cat\/escolapaisoscatalans\/wp-content\/uploads\/usu491\/2024\/03\/AFRUCAT-e1711108015617.jpg\"><img loading=\"lazy\" decoding=\"async\" class=\"alignnone size-full wp-image-30080\" src=\"https:\/\/agora.xtec.cat\/escolapaisoscatalans\/wp-content\/uploads\/usu491\/2024\/03\/AFRUCAT-e1711108015617.jpg\" alt=\"\" width=\"315\" height=\"245\" \/><\/a><\/p>\n","protected":false},"excerpt":{"rendered":"<p>El passat dimecres l&#8217;alumnat de 2n vam realitzar una activitat d&#8217;Afrucat. Amb l&#8217;activitat &#8220;On \u00e9s el dinar?&#8221; vam poder treballar els productes de proximitat i el proc\u00e9s que segueix des que surt el fruit (fruita, verdura, hortalisses&#8230;) fins que arriba a les nostres mans. Tamb\u00e9 ens van explicar com ha de ser una dieta equilibrada [&hellip;]<\/p>\n","protected":false},"author":11,"featured_media":0,"comment_status":"open","ping_status":"closed","sticky":false,"template":"","format":"standard","meta":{"_bbp_topic_count":0,"_bbp_reply_count":0,"_bbp_total_topic_count":0,"_bbp_total_reply_count":0,"_bbp_voice_count":0,"_bbp_anonymous_reply_count":0,"_bbp_topic_count_hidden":0,"_bbp_reply_count_hidden":0,"_bbp_forum_subforum_count":0,"site-sidebar-layout":"default","site-content-layout":"","ast-site-content-layout":"","site-content-style":"default","site-sidebar-style":"default","ast-global-header-display":"","ast-banner-title-visibility":"","ast-main-header-display":"","ast-hfb-above-header-display":"","ast-hfb-below-header-display":"","ast-hfb-mobile-header-display":"","site-post-title":"","ast-breadcrumbs-content":"","ast-featured-img":"","footer-sml-layout":"","theme-transparent-header-meta":"","adv-header-id-meta":"","stick-header-meta":"","header-above-stick-meta":"","header-main-stick-meta":"","header-below-stick-meta":"","astra-migrate-meta-layouts":"default","ast-page-background-enabled":"default","ast-page-background-meta":{"desktop":{"background-color":"var(--ast-global-color-4)","background-image":"","background-repeat":"repeat","background-position":"center center","background-size":"auto","background-attachment":"scroll","background-type":"","background-media":"","overlay-type":"","overlay-color":"","overlay-opacity":"","overlay-gradient":""},"tablet":{"background-color":"","background-image":"","background-repeat":"repeat","background-position":"center center","background-size":"auto","background-attachment":"scroll","background-type":"","background-media":"","overlay-type":"","overlay-color":"","overlay-opacity":"","overlay-gradient":""},"mobile":{"background-color":"","background-image":"","background-repeat":"repeat","background-position":"center center","background-size":"auto","background-attachment":"scroll","background-type":"","background-media":"","overlay-type":"","overlay-color":"","overlay-opacity":"","overlay-gradient":""}},"ast-content-background-meta":{"desktop":{"background-color":"var(--ast-global-color-5)","background-image":"","background-repeat":"repeat","background-position":"center center","background-size":"auto","background-attachment":"scroll","background-type":"","background-media":"","overlay-type":"","overlay-color":"","overlay-opacity":"","overlay-gradient":""},"tablet":{"background-color":"var(--ast-global-color-5)","background-image":"","background-repeat":"repeat","background-position":"center center","background-size":"auto","background-attachment":"scroll","background-type":"","background-media":"","overlay-type":"","overlay-color":"","overlay-opacity":"","overlay-gradient":""},"mobile":{"background-color":"var(--ast-global-color-5)","background-image":"","background-repeat":"repeat","background-position":"center center","background-size":"auto","background-attachment":"scroll","background-type":"","background-media":"","overlay-type":"","overlay-color":"","overlay-opacity":"","overlay-gradient":""}},"footnotes":""},"categories":[11,1,4],"tags":[],"class_list":["post-30071","post","type-post","status-publish","format-standard","hentry","category-2n","category-general","category-portada"],"post_mailing_queue_ids":[],"_links":{"self":[{"href":"https:\/\/agora.xtec.cat\/escolapaisoscatalans\/wp-json\/wp\/v2\/posts\/30071","targetHints":{"allow":["GET"]}}],"collection":[{"href":"https:\/\/agora.xtec.cat\/escolapaisoscatalans\/wp-json\/wp\/v2\/posts"}],"about":[{"href":"https:\/\/agora.xtec.cat\/escolapaisoscatalans\/wp-json\/wp\/v2\/types\/post"}],"author":[{"embeddable":true,"href":"https:\/\/agora.xtec.cat\/escolapaisoscatalans\/wp-json\/wp\/v2\/users\/11"}],"replies":[{"embeddable":true,"href":"https:\/\/agora.xtec.cat\/escolapaisoscatalans\/wp-json\/wp\/v2\/comments?post=30071"}],"version-history":[{"count":3,"href":"https:\/\/agora.xtec.cat\/escolapaisoscatalans\/wp-json\/wp\/v2\/posts\/30071\/revisions"}],"predecessor-version":[{"id":30120,"href":"https:\/\/agora.xtec.cat\/escolapaisoscatalans\/wp-json\/wp\/v2\/posts\/30071\/revisions\/30120"}],"wp:attachment":[{"href":"https:\/\/agora.xtec.cat\/escolapaisoscatalans\/wp-json\/wp\/v2\/media?parent=30071"}],"wp:term":[{"taxonomy":"category","embeddable":true,"href":"https:\/\/agora.xtec.cat\/escolapaisoscatalans\/wp-json\/wp\/v2\/categories?post=30071"},{"taxonomy":"post_tag","embeddable":true,"href":"https:\/\/agora.xtec.cat\/escolapaisoscatalans\/wp-json\/wp\/v2\/tags?post=30071"}],"curies":[{"name":"wp","href":"https:\/\/api.w.org\/{rel}","templated":true}]}}