{"id":29774,"date":"2024-03-08T15:41:53","date_gmt":"2024-03-08T14:41:53","guid":{"rendered":"https:\/\/agora.xtec.cat\/escolapaisoscatalans\/?p=29774"},"modified":"2024-03-09T23:47:15","modified_gmt":"2024-03-09T22:47:15","slug":"jornada-8-de-marc","status":"publish","type":"post","link":"https:\/\/agora.xtec.cat\/escolapaisoscatalans\/portada\/jornada-8-de-marc\/","title":{"rendered":"Jornada 8 de mar\u00e7"},"content":{"rendered":"<p>Avui, 8 de mar\u00e7, DIA DE LA DONA, des de l\u2019escola hem volgut donar visibilitat a les dones esportistes de la nostra ciutat. Han vingut 9 esportistes que, per cicles, ens han explicat l\u2019esport que practiquen i despr\u00e9s hem fet una activitat per posar-lo en pr\u00e0ctica.<\/p>\n<p>A Educaci\u00f3 Infantil han vingut la <strong>MERITXELL BONET I LA YOLANDA CEBRI\u00c1N<\/strong>, unes atletes que ens han ensenyat com preparar-nos per c\u00f3rrer i ens han organitzat un circuit on hem fet salts de llargada, tir de pilotes i diferents exercicis.<\/p>\n<p>A Cicle Inicial ha vingut la <strong>SARA \u00c1LVAREZ<\/strong>, entrenadora i jugadora del club de b\u00e0squet <strong>For\u00e7a Lleida<\/strong>, que ens ha ensenyat diferents t\u00e8cniques per c\u00f3rrer i de llan\u00e7ament de pilota.<\/p>\n<p>Finalment, a Cicle Superior han vingut 6 persones de la secci\u00f3 <strong>Esportiva AEM Lleida,<\/strong> que ens han explicat la seva traject\u00f2ria professional, ens han resolt els dubtes plantejats pels i les alumnes i tamb\u00e9 hem fet una activitat f\u00edsica relacionada amb el futbol. Ells i elles s\u00f3n: <strong>VERA RICO, SILVIA PE\u00d1ALVER, LAURA FERN\u00c1NDEZ, ANA RECARTE, YAMILA BADELL i MIQUEL SEUMA<\/strong>.<\/p>\n<p>L\u2019equip de l\u2019escola Pa\u00efsos Catalans us volem donar les gr\u00e0cies per donar visibilitat a les dones esportistes i participar en aquesta jornada del 8 de mar\u00e7.<\/p>\n<p><a href=\"https:\/\/agora.xtec.cat\/escolapaisoscatalans\/?p=29780&amp;preview=true\"><img loading=\"lazy\" decoding=\"async\" class=\"aligncenter size-medium wp-image-29775\" src=\"https:\/\/agora.xtec.cat\/escolapaisoscatalans\/wp-content\/uploads\/usu491\/2024\/03\/8m-300x188.jpg\" alt=\"\" width=\"300\" height=\"188\" \/><\/a><\/p>\n","protected":false},"excerpt":{"rendered":"<p>Avui, 8 de mar\u00e7, DIA DE LA DONA, des de l\u2019escola hem volgut donar visibilitat a les dones esportistes de la nostra ciutat. Han vingut 9 esportistes que, per cicles, ens han explicat l\u2019esport que practiquen i despr\u00e9s hem fet una activitat per posar-lo en pr\u00e0ctica. A Educaci\u00f3 Infantil han vingut la MERITXELL BONET I [&hellip;]<\/p>\n","protected":false},"author":8,"featured_media":0,"comment_status":"open","ping_status":"closed","sticky":false,"template":"","format":"standard","meta":{"_bbp_topic_count":0,"_bbp_reply_count":0,"_bbp_total_topic_count":0,"_bbp_total_reply_count":0,"_bbp_voice_count":0,"_bbp_anonymous_reply_count":0,"_bbp_topic_count_hidden":0,"_bbp_reply_count_hidden":0,"_bbp_forum_subforum_count":0,"site-sidebar-layout":"default","site-content-layout":"","ast-site-content-layout":"","site-content-style":"default","site-sidebar-style":"default","ast-global-header-display":"","ast-banner-title-visibility":"","ast-main-header-display":"","ast-hfb-above-header-display":"","ast-hfb-below-header-display":"","ast-hfb-mobile-header-display":"","site-post-title":"","ast-breadcrumbs-content":"","ast-featured-img":"","footer-sml-layout":"","theme-transparent-header-meta":"","adv-header-id-meta":"","stick-header-meta":"","header-above-stick-meta":"","header-main-stick-meta":"","header-below-stick-meta":"","astra-migrate-meta-layouts":"default","ast-page-background-enabled":"default","ast-page-background-meta":{"desktop":{"background-color":"var(--ast-global-color-4)","background-image":"","background-repeat":"repeat","background-position":"center center","background-size":"auto","background-attachment":"scroll","background-type":"","background-media":"","overlay-type":"","overlay-color":"","overlay-opacity":"","overlay-gradient":""},"tablet":{"background-color":"","background-image":"","background-repeat":"repeat","background-position":"center center","background-size":"auto","background-attachment":"scroll","background-type":"","background-media":"","overlay-type":"","overlay-color":"","overlay-opacity":"","overlay-gradient":""},"mobile":{"background-color":"","background-image":"","background-repeat":"repeat","background-position":"center center","background-size":"auto","background-attachment":"scroll","background-type":"","background-media":"","overlay-type":"","overlay-color":"","overlay-opacity":"","overlay-gradient":""}},"ast-content-background-meta":{"desktop":{"background-color":"var(--ast-global-color-5)","background-image":"","background-repeat":"repeat","background-position":"center center","background-size":"auto","background-attachment":"scroll","background-type":"","background-media":"","overlay-type":"","overlay-color":"","overlay-opacity":"","overlay-gradient":""},"tablet":{"background-color":"var(--ast-global-color-5)","background-image":"","background-repeat":"repeat","background-position":"center center","background-size":"auto","background-attachment":"scroll","background-type":"","background-media":"","overlay-type":"","overlay-color":"","overlay-opacity":"","overlay-gradient":""},"mobile":{"background-color":"var(--ast-global-color-5)","background-image":"","background-repeat":"repeat","background-position":"center center","background-size":"auto","background-attachment":"scroll","background-type":"","background-media":"","overlay-type":"","overlay-color":"","overlay-opacity":"","overlay-gradient":""}},"footnotes":""},"categories":[4],"tags":[],"class_list":["post-29774","post","type-post","status-publish","format-standard","hentry","category-portada"],"post_mailing_queue_ids":[],"_links":{"self":[{"href":"https:\/\/agora.xtec.cat\/escolapaisoscatalans\/wp-json\/wp\/v2\/posts\/29774","targetHints":{"allow":["GET"]}}],"collection":[{"href":"https:\/\/agora.xtec.cat\/escolapaisoscatalans\/wp-json\/wp\/v2\/posts"}],"about":[{"href":"https:\/\/agora.xtec.cat\/escolapaisoscatalans\/wp-json\/wp\/v2\/types\/post"}],"author":[{"embeddable":true,"href":"https:\/\/agora.xtec.cat\/escolapaisoscatalans\/wp-json\/wp\/v2\/users\/8"}],"replies":[{"embeddable":true,"href":"https:\/\/agora.xtec.cat\/escolapaisoscatalans\/wp-json\/wp\/v2\/comments?post=29774"}],"version-history":[{"count":6,"href":"https:\/\/agora.xtec.cat\/escolapaisoscatalans\/wp-json\/wp\/v2\/posts\/29774\/revisions"}],"predecessor-version":[{"id":29803,"href":"https:\/\/agora.xtec.cat\/escolapaisoscatalans\/wp-json\/wp\/v2\/posts\/29774\/revisions\/29803"}],"wp:attachment":[{"href":"https:\/\/agora.xtec.cat\/escolapaisoscatalans\/wp-json\/wp\/v2\/media?parent=29774"}],"wp:term":[{"taxonomy":"category","embeddable":true,"href":"https:\/\/agora.xtec.cat\/escolapaisoscatalans\/wp-json\/wp\/v2\/categories?post=29774"},{"taxonomy":"post_tag","embeddable":true,"href":"https:\/\/agora.xtec.cat\/escolapaisoscatalans\/wp-json\/wp\/v2\/tags?post=29774"}],"curies":[{"name":"wp","href":"https:\/\/api.w.org\/{rel}","templated":true}]}}