{"id":29707,"date":"2024-03-06T12:52:36","date_gmt":"2024-03-06T11:52:36","guid":{"rendered":"https:\/\/agora.xtec.cat\/escolapaisoscatalans\/?p=29707"},"modified":"2024-03-06T17:37:18","modified_gmt":"2024-03-06T16:37:18","slug":"viu-les-discapacitats-2","status":"publish","type":"post","link":"https:\/\/agora.xtec.cat\/escolapaisoscatalans\/portada\/viu-les-discapacitats-2\/","title":{"rendered":"VIU LES DISCAPACITATS"},"content":{"rendered":"<p style=\"text-align: justify;\">Avui l&#8217;alumnat de 6\u00e8 hem pogut con\u00e8ixer de m\u00e9s a prop i experimentar les sensacions i dificultats a les que s\u2019enfronten persones amb dificultats de mobilitat, auditiva, visual i mental.<\/p>\n<p style=\"text-align: justify;\">Les associacions que han vingut a fer-nos consci\u00e8ncia s\u00f3n:<\/p>\n<ul style=\"text-align: justify;\">\n<li><strong>MOBILITAT<\/strong>. ASPID, amb cadira de rodes.<\/li>\n<li><strong>LLENGUA DE SIGNES<\/strong>. INS Ronda, Cicle formatiu de mediaci\u00f3 comunicativa.<\/li>\n<li><strong>S\u00cdNDROME DE DOWN<\/strong>. Associaci\u00f3 de s\u00edndrome de Down de Lleida.<\/li>\n<li><strong>SALUT MENTAL<\/strong>. Cl\u00ednica Terres de Ponent.<\/li>\n<\/ul>\n<p style=\"text-align: justify;\">Ha estat una jornada molt sensibilitzadora!<\/p>\n<p style=\"text-align: justify;\">Cliqueu la imatge per veure les imatges<\/p>\n<p><a href=\"https:\/\/agora.xtec.cat\/escolapaisoscatalans\/general\/viu-les-discapacitats\/\" target=\"_blank\" rel=\"noopener\"><img loading=\"lazy\" decoding=\"async\" class=\"wp-image-29708 aligncenter\" src=\"https:\/\/agora.xtec.cat\/escolapaisoscatalans\/wp-content\/uploads\/usu491\/2024\/03\/20240306_092229-min-1024x576.jpg\" alt=\"\" width=\"567\" height=\"319\" \/><\/a><\/p>\n","protected":false},"excerpt":{"rendered":"<p>Avui l&#8217;alumnat de 6\u00e8 hem pogut con\u00e8ixer de m\u00e9s a prop i experimentar les sensacions i dificultats a les que s\u2019enfronten persones amb dificultats de mobilitat, auditiva, visual i mental. Les associacions que han vingut a fer-nos consci\u00e8ncia s\u00f3n: MOBILITAT. ASPID, amb cadira de rodes. LLENGUA DE SIGNES. INS Ronda, Cicle formatiu de mediaci\u00f3 comunicativa. [&hellip;]<\/p>\n","protected":false},"author":15,"featured_media":0,"comment_status":"closed","ping_status":"closed","sticky":false,"template":"","format":"standard","meta":{"_bbp_topic_count":0,"_bbp_reply_count":0,"_bbp_total_topic_count":0,"_bbp_total_reply_count":0,"_bbp_voice_count":0,"_bbp_anonymous_reply_count":0,"_bbp_topic_count_hidden":0,"_bbp_reply_count_hidden":0,"_bbp_forum_subforum_count":0,"site-sidebar-layout":"default","site-content-layout":"","ast-site-content-layout":"","site-content-style":"default","site-sidebar-style":"default","ast-global-header-display":"","ast-banner-title-visibility":"","ast-main-header-display":"","ast-hfb-above-header-display":"","ast-hfb-below-header-display":"","ast-hfb-mobile-header-display":"","site-post-title":"","ast-breadcrumbs-content":"","ast-featured-img":"","footer-sml-layout":"","theme-transparent-header-meta":"","adv-header-id-meta":"","stick-header-meta":"","header-above-stick-meta":"","header-main-stick-meta":"","header-below-stick-meta":"","astra-migrate-meta-layouts":"default","ast-page-background-enabled":"default","ast-page-background-meta":{"desktop":{"background-color":"var(--ast-global-color-4)","background-image":"","background-repeat":"repeat","background-position":"center center","background-size":"auto","background-attachment":"scroll","background-type":"","background-media":"","overlay-type":"","overlay-color":"","overlay-opacity":"","overlay-gradient":""},"tablet":{"background-color":"","background-image":"","background-repeat":"repeat","background-position":"center center","background-size":"auto","background-attachment":"scroll","background-type":"","background-media":"","overlay-type":"","overlay-color":"","overlay-opacity":"","overlay-gradient":""},"mobile":{"background-color":"","background-image":"","background-repeat":"repeat","background-position":"center center","background-size":"auto","background-attachment":"scroll","background-type":"","background-media":"","overlay-type":"","overlay-color":"","overlay-opacity":"","overlay-gradient":""}},"ast-content-background-meta":{"desktop":{"background-color":"var(--ast-global-color-5)","background-image":"","background-repeat":"repeat","background-position":"center center","background-size":"auto","background-attachment":"scroll","background-type":"","background-media":"","overlay-type":"","overlay-color":"","overlay-opacity":"","overlay-gradient":""},"tablet":{"background-color":"var(--ast-global-color-5)","background-image":"","background-repeat":"repeat","background-position":"center center","background-size":"auto","background-attachment":"scroll","background-type":"","background-media":"","overlay-type":"","overlay-color":"","overlay-opacity":"","overlay-gradient":""},"mobile":{"background-color":"var(--ast-global-color-5)","background-image":"","background-repeat":"repeat","background-position":"center center","background-size":"auto","background-attachment":"scroll","background-type":"","background-media":"","overlay-type":"","overlay-color":"","overlay-opacity":"","overlay-gradient":""}},"footnotes":""},"categories":[15,4],"tags":[],"class_list":["post-29707","post","type-post","status-publish","format-standard","hentry","category-6e","category-portada"],"post_mailing_queue_ids":[],"_links":{"self":[{"href":"https:\/\/agora.xtec.cat\/escolapaisoscatalans\/wp-json\/wp\/v2\/posts\/29707","targetHints":{"allow":["GET"]}}],"collection":[{"href":"https:\/\/agora.xtec.cat\/escolapaisoscatalans\/wp-json\/wp\/v2\/posts"}],"about":[{"href":"https:\/\/agora.xtec.cat\/escolapaisoscatalans\/wp-json\/wp\/v2\/types\/post"}],"author":[{"embeddable":true,"href":"https:\/\/agora.xtec.cat\/escolapaisoscatalans\/wp-json\/wp\/v2\/users\/15"}],"replies":[{"embeddable":true,"href":"https:\/\/agora.xtec.cat\/escolapaisoscatalans\/wp-json\/wp\/v2\/comments?post=29707"}],"version-history":[{"count":5,"href":"https:\/\/agora.xtec.cat\/escolapaisoscatalans\/wp-json\/wp\/v2\/posts\/29707\/revisions"}],"predecessor-version":[{"id":30475,"href":"https:\/\/agora.xtec.cat\/escolapaisoscatalans\/wp-json\/wp\/v2\/posts\/29707\/revisions\/30475"}],"wp:attachment":[{"href":"https:\/\/agora.xtec.cat\/escolapaisoscatalans\/wp-json\/wp\/v2\/media?parent=29707"}],"wp:term":[{"taxonomy":"category","embeddable":true,"href":"https:\/\/agora.xtec.cat\/escolapaisoscatalans\/wp-json\/wp\/v2\/categories?post=29707"},{"taxonomy":"post_tag","embeddable":true,"href":"https:\/\/agora.xtec.cat\/escolapaisoscatalans\/wp-json\/wp\/v2\/tags?post=29707"}],"curies":[{"name":"wp","href":"https:\/\/api.w.org\/{rel}","templated":true}]}}