{"id":29580,"date":"2024-03-01T12:53:30","date_gmt":"2024-03-01T11:53:30","guid":{"rendered":"https:\/\/agora.xtec.cat\/escolapaisoscatalans\/?p=29580"},"modified":"2024-03-01T14:39:13","modified_gmt":"2024-03-01T13:39:13","slug":"visita-al-museu-dart-la-panera","status":"publish","type":"post","link":"https:\/\/agora.xtec.cat\/escolapaisoscatalans\/general\/visita-al-museu-dart-la-panera\/","title":{"rendered":"Visita al museu d&#8217;art La Panera"},"content":{"rendered":"<p style=\"text-align: justify;\">Aquesta setmana, els i les alumnes de cicle inicial hem visitat el Museu d&#8217;art la Panera. All\u00ed, hem pogut gaudir de l&#8217;exposici\u00f3 <strong>SOM COM SOM. CELEBREM-HO!<\/strong> de <em>Montsita Rierola i Jordi Lafon.<\/em><\/p>\n<p style=\"text-align: justify;\">En col\u00b7laboraci\u00f3 amb el programa de l&#8217;Espai miniPanera, ens han presentat una proposta art\u00edstica, participativa i educativa, per continuar el debat sobre g\u00e8nere vinculat a &#8220;GOULA&#8221;.<\/p>\n<p style=\"text-align: justify;\">L&#8217;activitat ha constat d&#8217;un assortiment de 45 segells, amb formes i mides variades, que ens han perm\u00e9s generar una multitud de figures diferents damunt de papers de colors tallats en forma de banderoles, simulant un escenari festiu.<\/p>\n<p style=\"text-align: justify;\">Hem gaudit molt\u00edssim de l&#8217;activitat i ens han quedat unes banderoles molt boniques!<\/p>\n<p><a href=\"https:\/\/agora.xtec.cat\/escolapaisoscatalans\/?p=29583&amp;preview=true\"><img loading=\"lazy\" decoding=\"async\" class=\"alignnone wp-image-29581\" src=\"https:\/\/agora.xtec.cat\/escolapaisoscatalans\/wp-content\/uploads\/usu491\/2024\/02\/som-com-som-300x155.png\" alt=\"\" width=\"277\" height=\"143\" \/><\/a><\/p>\n<p><a href=\"https:\/\/agora.xtec.cat\/escolapaisoscatalans\/?p=29583&amp;preview=true\">Voleu veure m\u00e9s? feu clic aqu\u00ed<\/a><\/p>\n","protected":false},"excerpt":{"rendered":"<p>Aquesta setmana, els i les alumnes de cicle inicial hem visitat el Museu d&#8217;art la Panera. All\u00ed, hem pogut gaudir de l&#8217;exposici\u00f3 SOM COM SOM. CELEBREM-HO! de Montsita Rierola i Jordi Lafon.<br \/>\nEn col\u00b7laboraci\u00f3 amb el programa de l&#8217;Espai miniPanera, ens han presentat una proposta art\u00edstica,&hellip;  <a href=\"https:\/\/agora.xtec.cat\/escolapaisoscatalans\/general\/visita-al-museu-dart-la-panera\/\" title=\"Read Visita al museu d&#8217;art La Panera\">Llegeix m\u00e9s\u00bb<\/a><\/p>\n","protected":false},"author":10,"featured_media":0,"comment_status":"open","ping_status":"closed","sticky":false,"template":"","format":"standard","meta":{"_bbp_topic_count":0,"_bbp_reply_count":0,"_bbp_total_topic_count":0,"_bbp_total_reply_count":0,"_bbp_voice_count":0,"_bbp_anonymous_reply_count":0,"_bbp_topic_count_hidden":0,"_bbp_reply_count_hidden":0,"_bbp_forum_subforum_count":0,"footnotes":""},"categories":[10,11,1,4],"tags":[],"class_list":["post-29580","post","type-post","status-publish","format-standard","hentry","category-1r","category-2n","category-general","category-portada"],"post_mailing_queue_ids":[],"_links":{"self":[{"href":"https:\/\/agora.xtec.cat\/escolapaisoscatalans\/wp-json\/wp\/v2\/posts\/29580","targetHints":{"allow":["GET"]}}],"collection":[{"href":"https:\/\/agora.xtec.cat\/escolapaisoscatalans\/wp-json\/wp\/v2\/posts"}],"about":[{"href":"https:\/\/agora.xtec.cat\/escolapaisoscatalans\/wp-json\/wp\/v2\/types\/post"}],"author":[{"embeddable":true,"href":"https:\/\/agora.xtec.cat\/escolapaisoscatalans\/wp-json\/wp\/v2\/users\/10"}],"replies":[{"embeddable":true,"href":"https:\/\/agora.xtec.cat\/escolapaisoscatalans\/wp-json\/wp\/v2\/comments?post=29580"}],"version-history":[{"count":6,"href":"https:\/\/agora.xtec.cat\/escolapaisoscatalans\/wp-json\/wp\/v2\/posts\/29580\/revisions"}],"predecessor-version":[{"id":29610,"href":"https:\/\/agora.xtec.cat\/escolapaisoscatalans\/wp-json\/wp\/v2\/posts\/29580\/revisions\/29610"}],"wp:attachment":[{"href":"https:\/\/agora.xtec.cat\/escolapaisoscatalans\/wp-json\/wp\/v2\/media?parent=29580"}],"wp:term":[{"taxonomy":"category","embeddable":true,"href":"https:\/\/agora.xtec.cat\/escolapaisoscatalans\/wp-json\/wp\/v2\/categories?post=29580"},{"taxonomy":"post_tag","embeddable":true,"href":"https:\/\/agora.xtec.cat\/escolapaisoscatalans\/wp-json\/wp\/v2\/tags?post=29580"}],"curies":[{"name":"wp","href":"https:\/\/api.w.org\/{rel}","templated":true}]}}