{"id":25816,"date":"2023-06-12T13:37:46","date_gmt":"2023-06-12T11:37:46","guid":{"rendered":"https:\/\/agora.xtec.cat\/escolapaisoscatalans\/?p=25816"},"modified":"2023-10-18T08:04:16","modified_gmt":"2023-10-18T06:04:16","slug":"final-de-projecte-erasmus-ka229-green-education-in-green-environment","status":"publish","type":"post","link":"https:\/\/agora.xtec.cat\/escolapaisoscatalans\/erasmus_2020\/final-de-projecte-erasmus-ka229-green-education-in-green-environment\/","title":{"rendered":"Final de projecte Erasmus+ KA229 &#8220;Green Education in Green Environment&#8221;"},"content":{"rendered":"<p style=\"text-align: justify;\">El nostre projecte Erasmus+ KA229 &#8220;Green Education in green Environment&#8221; aquest mes arriba a la seva fi. \u00c9s un projecte amb el qual hem treballat durant tres anys\/cursos escolars. Les sis escoles de l&#8217;associaci\u00f3 internacional hem treballat conjuntament per donar una educaci\u00f3 mediambiental al nostre alumnat durant la durada que ha tingut, per\u00f2 pensem i tenim l&#8217;esperan\u00e7a i expectatives que aquest granet de sorra que hem aportat mitjan\u00e7ant aquest no es quedi nom\u00e9s amb aquest temps de durada, sin\u00f3 que perduri en el temps i a la vegada traspassi les fronteres de la nostra escola i la conscienciaci\u00f3 mediambiental arribi a tota la comunitat educativa, local, nacional i internacional.<\/p>\n<p style=\"text-align: justify;\">Entre tots i totes podem cuidar i deixar un planeta millor a les noves generacions. L&#8217;alumnat que ha pogut treballar i gaudir d&#8217;aquest projecte, han esdevingut ambaixadors mediambientals per a un futur pr\u00f2xim. Tinguem cura de tot el que ens envolta i promovem uns\u00a0 bons h\u00e0bits per tal de cuidar el nostre planeta incloent a la nostra vida quotidiana petites accions que entre totes i tots seran grans accions.<\/p>\n<p style=\"text-align: justify;\">El fet de poder arribar a fer-ho de forma internacional ens ha obert, a la vegada, nous horitzons i perspectives per tal de comprovar que l&#8217;educaci\u00f3 mediambiental no \u00e9s nom\u00e9s tasca nostra, de la nostra ciutat; sin\u00f3 que \u00e9s una feina de tothom, i tots i totes hem de vetllar per a qu\u00e8 aix\u00f2 s&#8217;aconsegueixi.<\/p>\n<p style=\"text-align: justify;\">El projecte s&#8217;acaba, per\u00f2 els valors treballats, compartits i apresos no han d&#8217;acabar amb el projecte, sin\u00f3 que han de ser un pilar de la nostra educaci\u00f3 futura!!! Tots i totes cuidem del nostre planeta i dels nostres parcs naturals!!!! Entre tots i totes ho aconseguirem!!<\/p>\n<p style=\"text-align: justify;\"><a href=\"https:\/\/agora.xtec.cat\/escolapaisoscatalans\/wp-content\/uploads\/usu491\/2023\/06\/Collage-Erasmus-entrada-prova-1.jpg\"><img loading=\"lazy\" decoding=\"async\" class=\"size-medium wp-image-25817\" src=\"https:\/\/agora.xtec.cat\/escolapaisoscatalans\/wp-content\/uploads\/usu491\/2023\/06\/Collage-Erasmus-entrada-prova-1-300x240.jpg\" alt=\"\" width=\"300\" height=\"240\" \/><\/a><\/p>\n","protected":false},"excerpt":{"rendered":"<p>El nostre projecte Erasmus+ KA229 &#8220;Green Education in green Environment&#8221; aquest mes arriba a la seva fi. \u00c9s un projecte amb el qual hem treballat durant tres anys\/cursos escolars. Les sis escoles de l&#8217;associaci\u00f3 internacional hem treballat conjuntament per donar una educaci\u00f3 mediambiental al nostre&hellip;  <a href=\"https:\/\/agora.xtec.cat\/escolapaisoscatalans\/erasmus_2020\/final-de-projecte-erasmus-ka229-green-education-in-green-environment\/\" title=\"Read Final de projecte Erasmus+ KA229 &#8220;Green Education in Green Environment&#8221;\">Llegeix m\u00e9s\u00bb<\/a><\/p>\n","protected":false},"author":8,"featured_media":0,"comment_status":"open","ping_status":"closed","sticky":false,"template":"","format":"standard","meta":{"_bbp_topic_count":0,"_bbp_reply_count":0,"_bbp_total_topic_count":0,"_bbp_total_reply_count":0,"_bbp_voice_count":0,"_bbp_anonymous_reply_count":0,"_bbp_topic_count_hidden":0,"_bbp_reply_count_hidden":0,"_bbp_forum_subforum_count":0,"footnotes":""},"categories":[246],"tags":[],"class_list":["post-25816","post","type-post","status-publish","format-standard","hentry","category-erasmus_2020"],"post_mailing_queue_ids":[],"_links":{"self":[{"href":"https:\/\/agora.xtec.cat\/escolapaisoscatalans\/wp-json\/wp\/v2\/posts\/25816","targetHints":{"allow":["GET"]}}],"collection":[{"href":"https:\/\/agora.xtec.cat\/escolapaisoscatalans\/wp-json\/wp\/v2\/posts"}],"about":[{"href":"https:\/\/agora.xtec.cat\/escolapaisoscatalans\/wp-json\/wp\/v2\/types\/post"}],"author":[{"embeddable":true,"href":"https:\/\/agora.xtec.cat\/escolapaisoscatalans\/wp-json\/wp\/v2\/users\/8"}],"replies":[{"embeddable":true,"href":"https:\/\/agora.xtec.cat\/escolapaisoscatalans\/wp-json\/wp\/v2\/comments?post=25816"}],"version-history":[{"count":4,"href":"https:\/\/agora.xtec.cat\/escolapaisoscatalans\/wp-json\/wp\/v2\/posts\/25816\/revisions"}],"predecessor-version":[{"id":26390,"href":"https:\/\/agora.xtec.cat\/escolapaisoscatalans\/wp-json\/wp\/v2\/posts\/25816\/revisions\/26390"}],"wp:attachment":[{"href":"https:\/\/agora.xtec.cat\/escolapaisoscatalans\/wp-json\/wp\/v2\/media?parent=25816"}],"wp:term":[{"taxonomy":"category","embeddable":true,"href":"https:\/\/agora.xtec.cat\/escolapaisoscatalans\/wp-json\/wp\/v2\/categories?post=25816"},{"taxonomy":"post_tag","embeddable":true,"href":"https:\/\/agora.xtec.cat\/escolapaisoscatalans\/wp-json\/wp\/v2\/tags?post=25816"}],"curies":[{"name":"wp","href":"https:\/\/api.w.org\/{rel}","templated":true}]}}