{"id":25530,"date":"2023-05-22T12:52:14","date_gmt":"2023-05-22T10:52:14","guid":{"rendered":"https:\/\/agora.xtec.cat\/escolapaisoscatalans\/?p=25530"},"modified":"2023-05-22T12:53:22","modified_gmt":"2023-05-22T10:53:22","slug":"difusio-de-la-setmana-erasmus-a-lodz-polonia","status":"publish","type":"post","link":"https:\/\/agora.xtec.cat\/escolapaisoscatalans\/erasmus_2020\/difusio-de-la-setmana-erasmus-a-lodz-polonia\/","title":{"rendered":"Difusi\u00f3 de la setmana Erasmus+ a L\u00f3dz (Pol\u00f2nia)"},"content":{"rendered":"<p>Les alumnes de 6\u00e8 que va poder gaudir de l\u2019oportunitat de la beca Erasmus+ a L\u00f3dz (Pol\u00f2nia) han explicat als seus companys\/es de classe i de cicle superior, tot all\u00f2 que van fer durant la seva estada en aquest pa\u00efs que tant b\u00e9 ens va acollir. All\u00ed ens vam trobar per \u00faltima vegada amb els <span style=\"font-family: inherit; font-size: 1em;\">altres col\u00b7legues Erasmus dels pa\u00efsos participants al projecte. Elles van preparar aquesta presentaci\u00f3 per ajudar-les en la seva explicaci\u00f3 en angl\u00e8s!!\u00a0<\/span><\/p>\n<p>Totes han sigut unes experi\u00e8ncies inoblidables.<\/p>\n<p><iframe loading=\"lazy\" src=\"https:\/\/www.slideshare.net\/slideshow\/embed_code\/key\/E90SCqGZTKCG5s?hostedIn=slideshare&amp;page=upload\" width=\"476\" height=\"400\" frameborder=\"0\" marginwidth=\"0\" marginheight=\"0\" scrolling=\"no\"><\/iframe><\/p>\n<p><a href=\"https:\/\/photos.app.goo.gl\/mxLHvfoteU3EGYuT9\"><img loading=\"lazy\" decoding=\"async\" class=\"wp-image-25532 size-medium alignleft\" src=\"https:\/\/agora.xtec.cat\/escolapaisoscatalans\/wp-content\/uploads\/usu491\/2023\/05\/IMG_20230515_091455-300x225.jpg\" alt=\"\" width=\"300\" height=\"225\" \/><\/a><\/p>\n","protected":false},"excerpt":{"rendered":"<p>Les alumnes de 6\u00e8 que va poder gaudir de l\u2019oportunitat de la beca Erasmus+ a L\u00f3dz (Pol\u00f2nia) han explicat als seus companys\/es de classe i de cicle superior, tot all\u00f2 que van fer durant la seva estada en aquest pa\u00efs que tant b\u00e9 ens va&hellip;  <a href=\"https:\/\/agora.xtec.cat\/escolapaisoscatalans\/erasmus_2020\/difusio-de-la-setmana-erasmus-a-lodz-polonia\/\" title=\"Read Difusi\u00f3 de la setmana Erasmus+ a L\u00f3dz (Pol\u00f2nia)\">Llegeix m\u00e9s\u00bb<\/a><\/p>\n","protected":false},"author":8,"featured_media":0,"comment_status":"open","ping_status":"closed","sticky":false,"template":"","format":"standard","meta":{"_bbp_topic_count":0,"_bbp_reply_count":0,"_bbp_total_topic_count":0,"_bbp_total_reply_count":0,"_bbp_voice_count":0,"_bbp_anonymous_reply_count":0,"_bbp_topic_count_hidden":0,"_bbp_reply_count_hidden":0,"_bbp_forum_subforum_count":0,"footnotes":""},"categories":[246],"tags":[],"class_list":["post-25530","post","type-post","status-publish","format-standard","hentry","category-erasmus_2020"],"post_mailing_queue_ids":[],"_links":{"self":[{"href":"https:\/\/agora.xtec.cat\/escolapaisoscatalans\/wp-json\/wp\/v2\/posts\/25530","targetHints":{"allow":["GET"]}}],"collection":[{"href":"https:\/\/agora.xtec.cat\/escolapaisoscatalans\/wp-json\/wp\/v2\/posts"}],"about":[{"href":"https:\/\/agora.xtec.cat\/escolapaisoscatalans\/wp-json\/wp\/v2\/types\/post"}],"author":[{"embeddable":true,"href":"https:\/\/agora.xtec.cat\/escolapaisoscatalans\/wp-json\/wp\/v2\/users\/8"}],"replies":[{"embeddable":true,"href":"https:\/\/agora.xtec.cat\/escolapaisoscatalans\/wp-json\/wp\/v2\/comments?post=25530"}],"version-history":[{"count":2,"href":"https:\/\/agora.xtec.cat\/escolapaisoscatalans\/wp-json\/wp\/v2\/posts\/25530\/revisions"}],"predecessor-version":[{"id":25534,"href":"https:\/\/agora.xtec.cat\/escolapaisoscatalans\/wp-json\/wp\/v2\/posts\/25530\/revisions\/25534"}],"wp:attachment":[{"href":"https:\/\/agora.xtec.cat\/escolapaisoscatalans\/wp-json\/wp\/v2\/media?parent=25530"}],"wp:term":[{"taxonomy":"category","embeddable":true,"href":"https:\/\/agora.xtec.cat\/escolapaisoscatalans\/wp-json\/wp\/v2\/categories?post=25530"},{"taxonomy":"post_tag","embeddable":true,"href":"https:\/\/agora.xtec.cat\/escolapaisoscatalans\/wp-json\/wp\/v2\/tags?post=25530"}],"curies":[{"name":"wp","href":"https:\/\/api.w.org\/{rel}","templated":true}]}}