{"id":25316,"date":"2023-05-05T15:01:52","date_gmt":"2023-05-05T13:01:52","guid":{"rendered":"https:\/\/agora.xtec.cat\/escolapaisoscatalans\/?p=25316"},"modified":"2023-05-06T19:15:46","modified_gmt":"2023-05-06T17:15:46","slug":"activitats-economiques-lligades-als-parcs","status":"publish","type":"post","link":"https:\/\/agora.xtec.cat\/escolapaisoscatalans\/erasmus_2020\/activitats-economiques-lligades-als-parcs\/","title":{"rendered":"Activitats econ\u00f2miques lligades als parcs naturals"},"content":{"rendered":"<p>Dins del projecte Erasmus+ &#8220;Green education in green environment&#8221;, un dels objectius a treballar es con\u00e8ixer les feines o activitats ec\u00f2nomiques lligades al parc amb els quals treballem.<\/p>\n<p>Aqui hi ha la compilaci\u00f3 de tots aquests parcs i de totes les activitats econ\u00f2miques que es fan en ells. S\u00f3n totes tan diferents, com diferents s\u00f3n els parcs naturals amb els que treballem:<\/p>\n<div style=\"width: 100%;\">\n<div style=\"position: relative; padding-bottom: 56.25%; padding-top: 0; height: 0;\"><iframe loading=\"lazy\" style=\"position: absolute; top: 0; left: 0; width: 100%; height: 100%;\" title=\"Economical activities ERASMUS+ GREEN EDUCATION IN GREEN ENVIRONMENT\" src=\"https:\/\/view.genial.ly\/645230b581899a001a329f7b\" width=\"1200\" height=\"675\" frameborder=\"0\" scrolling=\"yes\" allowfullscreen=\"allowfullscreen\"><\/iframe><\/div>\n<\/div>\n<p>&nbsp;<\/p>\n","protected":false},"excerpt":{"rendered":"<p>Dins del projecte Erasmus+ &#8220;Green education in green environment&#8221;, un dels objectius a treballar es con\u00e8ixer les feines o activitats ec\u00f2nomiques lligades al parc amb els quals treballem.<br \/>\nAqui hi ha la compilaci\u00f3 de tots aquests parcs i de totes les activitats econ\u00f2miques que es fan&hellip;  <a href=\"https:\/\/agora.xtec.cat\/escolapaisoscatalans\/erasmus_2020\/activitats-economiques-lligades-als-parcs\/\" title=\"Read Activitats econ\u00f2miques lligades als parcs naturals\">Llegeix m\u00e9s\u00bb<\/a><\/p>\n","protected":false},"author":8,"featured_media":0,"comment_status":"open","ping_status":"closed","sticky":false,"template":"","format":"standard","meta":{"_bbp_topic_count":0,"_bbp_reply_count":0,"_bbp_total_topic_count":0,"_bbp_total_reply_count":0,"_bbp_voice_count":0,"_bbp_anonymous_reply_count":0,"_bbp_topic_count_hidden":0,"_bbp_reply_count_hidden":0,"_bbp_forum_subforum_count":0,"footnotes":""},"categories":[246],"tags":[],"class_list":["post-25316","post","type-post","status-publish","format-standard","hentry","category-erasmus_2020"],"post_mailing_queue_ids":[],"_links":{"self":[{"href":"https:\/\/agora.xtec.cat\/escolapaisoscatalans\/wp-json\/wp\/v2\/posts\/25316","targetHints":{"allow":["GET"]}}],"collection":[{"href":"https:\/\/agora.xtec.cat\/escolapaisoscatalans\/wp-json\/wp\/v2\/posts"}],"about":[{"href":"https:\/\/agora.xtec.cat\/escolapaisoscatalans\/wp-json\/wp\/v2\/types\/post"}],"author":[{"embeddable":true,"href":"https:\/\/agora.xtec.cat\/escolapaisoscatalans\/wp-json\/wp\/v2\/users\/8"}],"replies":[{"embeddable":true,"href":"https:\/\/agora.xtec.cat\/escolapaisoscatalans\/wp-json\/wp\/v2\/comments?post=25316"}],"version-history":[{"count":2,"href":"https:\/\/agora.xtec.cat\/escolapaisoscatalans\/wp-json\/wp\/v2\/posts\/25316\/revisions"}],"predecessor-version":[{"id":25318,"href":"https:\/\/agora.xtec.cat\/escolapaisoscatalans\/wp-json\/wp\/v2\/posts\/25316\/revisions\/25318"}],"wp:attachment":[{"href":"https:\/\/agora.xtec.cat\/escolapaisoscatalans\/wp-json\/wp\/v2\/media?parent=25316"}],"wp:term":[{"taxonomy":"category","embeddable":true,"href":"https:\/\/agora.xtec.cat\/escolapaisoscatalans\/wp-json\/wp\/v2\/categories?post=25316"},{"taxonomy":"post_tag","embeddable":true,"href":"https:\/\/agora.xtec.cat\/escolapaisoscatalans\/wp-json\/wp\/v2\/tags?post=25316"}],"curies":[{"name":"wp","href":"https:\/\/api.w.org\/{rel}","templated":true}]}}