{"id":25180,"date":"2023-04-12T11:00:43","date_gmt":"2023-04-12T09:00:43","guid":{"rendered":"https:\/\/agora.xtec.cat\/escolapaisoscatalans\/?p=25180"},"modified":"2023-04-26T11:31:28","modified_gmt":"2023-04-26T09:31:28","slug":"preparacio-de-la-trobada-internacional-a-polonia","status":"publish","type":"post","link":"https:\/\/agora.xtec.cat\/escolapaisoscatalans\/erasmus_2020\/preparacio-de-la-trobada-internacional-a-polonia\/","title":{"rendered":"Preparaci\u00f3 de la trobada internacional a Pol\u00f2nia"},"content":{"rendered":"<p>Durant aquests darrers dies hem estat preparant regals i activitats per a portar a L\u00f3dz (Pol\u00f2nia) per a la \u00faltima trobada transnacional que durem a terme amb aquest projecte Erasmus+ KA229 &#8220;Green Education in Green Environment&#8221;<\/p>\n<p>L&#8217;alumnat de tercer ha preparat un regalet per a tot el grup que anirem a visitar l&#8217;escola Juliana Tuwima a la classe de pl\u00e0stica, tot i pintant i ensenyant el nostre propi logo.<\/p>\n<p>Per altra banda, l&#8217;alumnat de 6\u00e8 ensenyar\u00e0 a ballar la sardana com a dansa de les nostres terres, i per tant, les nenes que viatjaran han estat assajant la can\u00e7\u00f3 de la Marieta Cistellera. A m\u00e9s a m\u00e9s, de forma aut\u00f2noma i a trav\u00e9s de l&#8217;Instagram, ja han fet trobades virtuals entre els assistents a Pol\u00f2nia!!<\/p>\n<p><a href=\"https:\/\/photos.app.goo.gl\/eyc3nWMBtHtbxd6W6\"><img loading=\"lazy\" decoding=\"async\" class=\"aligncenter wp-image-25185 size-medium\" src=\"https:\/\/agora.xtec.cat\/escolapaisoscatalans\/wp-content\/uploads\/usu491\/2023\/04\/1681623975450-300x202.jpg\" alt=\"\" width=\"300\" height=\"202\" \/><\/a><\/p>\n","protected":false},"excerpt":{"rendered":"<p>Durant aquests darrers dies hem estat preparant regals i activitats per a portar a L\u00f3dz (Pol\u00f2nia) per a la \u00faltima trobada transnacional que durem a terme amb aquest projecte Erasmus+ KA229 &#8220;Green Education in Green Environment&#8221; L&#8217;alumnat de tercer ha preparat un regalet per a tot el grup que anirem a visitar l&#8217;escola Juliana Tuwima [&hellip;]<\/p>\n","protected":false},"author":8,"featured_media":0,"comment_status":"open","ping_status":"closed","sticky":false,"template":"","format":"standard","meta":{"_bbp_topic_count":0,"_bbp_reply_count":0,"_bbp_total_topic_count":0,"_bbp_total_reply_count":0,"_bbp_voice_count":0,"_bbp_anonymous_reply_count":0,"_bbp_topic_count_hidden":0,"_bbp_reply_count_hidden":0,"_bbp_forum_subforum_count":0,"site-sidebar-layout":"default","site-content-layout":"","ast-site-content-layout":"","site-content-style":"default","site-sidebar-style":"default","ast-global-header-display":"","ast-banner-title-visibility":"","ast-main-header-display":"","ast-hfb-above-header-display":"","ast-hfb-below-header-display":"","ast-hfb-mobile-header-display":"","site-post-title":"","ast-breadcrumbs-content":"","ast-featured-img":"","footer-sml-layout":"","theme-transparent-header-meta":"","adv-header-id-meta":"","stick-header-meta":"","header-above-stick-meta":"","header-main-stick-meta":"","header-below-stick-meta":"","astra-migrate-meta-layouts":"default","ast-page-background-enabled":"default","ast-page-background-meta":{"desktop":{"background-color":"var(--ast-global-color-4)","background-image":"","background-repeat":"repeat","background-position":"center center","background-size":"auto","background-attachment":"scroll","background-type":"","background-media":"","overlay-type":"","overlay-color":"","overlay-opacity":"","overlay-gradient":""},"tablet":{"background-color":"","background-image":"","background-repeat":"repeat","background-position":"center center","background-size":"auto","background-attachment":"scroll","background-type":"","background-media":"","overlay-type":"","overlay-color":"","overlay-opacity":"","overlay-gradient":""},"mobile":{"background-color":"","background-image":"","background-repeat":"repeat","background-position":"center center","background-size":"auto","background-attachment":"scroll","background-type":"","background-media":"","overlay-type":"","overlay-color":"","overlay-opacity":"","overlay-gradient":""}},"ast-content-background-meta":{"desktop":{"background-color":"var(--ast-global-color-5)","background-image":"","background-repeat":"repeat","background-position":"center center","background-size":"auto","background-attachment":"scroll","background-type":"","background-media":"","overlay-type":"","overlay-color":"","overlay-opacity":"","overlay-gradient":""},"tablet":{"background-color":"var(--ast-global-color-5)","background-image":"","background-repeat":"repeat","background-position":"center center","background-size":"auto","background-attachment":"scroll","background-type":"","background-media":"","overlay-type":"","overlay-color":"","overlay-opacity":"","overlay-gradient":""},"mobile":{"background-color":"var(--ast-global-color-5)","background-image":"","background-repeat":"repeat","background-position":"center center","background-size":"auto","background-attachment":"scroll","background-type":"","background-media":"","overlay-type":"","overlay-color":"","overlay-opacity":"","overlay-gradient":""}},"footnotes":""},"categories":[246],"tags":[],"class_list":["post-25180","post","type-post","status-publish","format-standard","hentry","category-erasmus_2020"],"post_mailing_queue_ids":[],"_links":{"self":[{"href":"https:\/\/agora.xtec.cat\/escolapaisoscatalans\/wp-json\/wp\/v2\/posts\/25180","targetHints":{"allow":["GET"]}}],"collection":[{"href":"https:\/\/agora.xtec.cat\/escolapaisoscatalans\/wp-json\/wp\/v2\/posts"}],"about":[{"href":"https:\/\/agora.xtec.cat\/escolapaisoscatalans\/wp-json\/wp\/v2\/types\/post"}],"author":[{"embeddable":true,"href":"https:\/\/agora.xtec.cat\/escolapaisoscatalans\/wp-json\/wp\/v2\/users\/8"}],"replies":[{"embeddable":true,"href":"https:\/\/agora.xtec.cat\/escolapaisoscatalans\/wp-json\/wp\/v2\/comments?post=25180"}],"version-history":[{"count":1,"href":"https:\/\/agora.xtec.cat\/escolapaisoscatalans\/wp-json\/wp\/v2\/posts\/25180\/revisions"}],"predecessor-version":[{"id":25186,"href":"https:\/\/agora.xtec.cat\/escolapaisoscatalans\/wp-json\/wp\/v2\/posts\/25180\/revisions\/25186"}],"wp:attachment":[{"href":"https:\/\/agora.xtec.cat\/escolapaisoscatalans\/wp-json\/wp\/v2\/media?parent=25180"}],"wp:term":[{"taxonomy":"category","embeddable":true,"href":"https:\/\/agora.xtec.cat\/escolapaisoscatalans\/wp-json\/wp\/v2\/categories?post=25180"},{"taxonomy":"post_tag","embeddable":true,"href":"https:\/\/agora.xtec.cat\/escolapaisoscatalans\/wp-json\/wp\/v2\/tags?post=25180"}],"curies":[{"name":"wp","href":"https:\/\/api.w.org\/{rel}","templated":true}]}}