{"id":24900,"date":"2023-03-28T20:11:21","date_gmt":"2023-03-28T18:11:21","guid":{"rendered":"https:\/\/agora.xtec.cat\/escolapaisoscatalans\/?p=24900"},"modified":"2023-03-28T20:12:36","modified_gmt":"2023-03-28T18:12:36","slug":"difusio-de-la-setmana-erasmus-a-mangualde-portugal","status":"publish","type":"post","link":"https:\/\/agora.xtec.cat\/escolapaisoscatalans\/angles\/difusio-de-la-setmana-erasmus-a-mangualde-portugal\/","title":{"rendered":"Difusi\u00f3 de la setmana Erasmus+ a Mangualde (Portugal)"},"content":{"rendered":"<p style=\"text-align: justify;\">L&#8217;alumnat de 6\u00e8 que va poder gaudir de l&#8217;oportunitat de la beca Erasmus+ a Mangualde (Portugal) ha explicat als seus companys\/es de classe i de cicle superior, tot all\u00f2 que van fer durant la primera setmana de mar\u00e7 en terres portugueses i en companyia d&#8217;altres col\u00b7legues Erasmus dels pa\u00efsos participants al projecte. Ells van preparar una presentaci\u00f3, que us fem a mans, per ajudar-los en la seva explicaci\u00f3 en angl\u00e8s!!<\/p>\n<p><iframe loading=\"lazy\" src=\"https:\/\/www.slideshare.net\/slideshow\/embed_code\/key\/iKeGkFJ45BjcND?hostedIn=slideshare&amp;page=upload\" width=\"476\" height=\"400\" frameborder=\"0\" marginwidth=\"0\" marginheight=\"0\" scrolling=\"no\"><\/iframe><\/p>\n<p><a href=\"https:\/\/photos.app.goo.gl\/VdPdj15fdbJHox1P7\"><img loading=\"lazy\" decoding=\"async\" class=\"wp-image-24901 size-medium alignleft\" src=\"https:\/\/agora.xtec.cat\/escolapaisoscatalans\/wp-content\/uploads\/usu491\/2023\/03\/IMG_20230322_091020-300x203.jpg\" alt=\"\" width=\"300\" height=\"203\" \/><\/a><\/p>\n<p>&nbsp;<\/p>\n","protected":false},"excerpt":{"rendered":"<p>L&#8217;alumnat de 6\u00e8 que va poder gaudir de l&#8217;oportunitat de la beca Erasmus+ a Mangualde (Portugal) ha explicat als seus companys\/es de classe i de cicle superior, tot all\u00f2 que van fer durant la primera setmana de mar\u00e7 en terres portugueses i en companyia d&#8217;altres&hellip;  <a href=\"https:\/\/agora.xtec.cat\/escolapaisoscatalans\/angles\/difusio-de-la-setmana-erasmus-a-mangualde-portugal\/\" title=\"Read Difusi\u00f3 de la setmana Erasmus+ a Mangualde (Portugal)\">Llegeix m\u00e9s\u00bb<\/a><\/p>\n","protected":false},"author":8,"featured_media":0,"comment_status":"open","ping_status":"closed","sticky":false,"template":"","format":"standard","meta":{"_bbp_topic_count":0,"_bbp_reply_count":0,"_bbp_total_topic_count":0,"_bbp_total_reply_count":0,"_bbp_voice_count":0,"_bbp_anonymous_reply_count":0,"_bbp_topic_count_hidden":0,"_bbp_reply_count_hidden":0,"_bbp_forum_subforum_count":0,"footnotes":""},"categories":[246,234],"tags":[],"class_list":["post-24900","post","type-post","status-publish","format-standard","hentry","category-erasmus_2020","category-angles"],"post_mailing_queue_ids":[],"_links":{"self":[{"href":"https:\/\/agora.xtec.cat\/escolapaisoscatalans\/wp-json\/wp\/v2\/posts\/24900","targetHints":{"allow":["GET"]}}],"collection":[{"href":"https:\/\/agora.xtec.cat\/escolapaisoscatalans\/wp-json\/wp\/v2\/posts"}],"about":[{"href":"https:\/\/agora.xtec.cat\/escolapaisoscatalans\/wp-json\/wp\/v2\/types\/post"}],"author":[{"embeddable":true,"href":"https:\/\/agora.xtec.cat\/escolapaisoscatalans\/wp-json\/wp\/v2\/users\/8"}],"replies":[{"embeddable":true,"href":"https:\/\/agora.xtec.cat\/escolapaisoscatalans\/wp-json\/wp\/v2\/comments?post=24900"}],"version-history":[{"count":2,"href":"https:\/\/agora.xtec.cat\/escolapaisoscatalans\/wp-json\/wp\/v2\/posts\/24900\/revisions"}],"predecessor-version":[{"id":24903,"href":"https:\/\/agora.xtec.cat\/escolapaisoscatalans\/wp-json\/wp\/v2\/posts\/24900\/revisions\/24903"}],"wp:attachment":[{"href":"https:\/\/agora.xtec.cat\/escolapaisoscatalans\/wp-json\/wp\/v2\/media?parent=24900"}],"wp:term":[{"taxonomy":"category","embeddable":true,"href":"https:\/\/agora.xtec.cat\/escolapaisoscatalans\/wp-json\/wp\/v2\/categories?post=24900"},{"taxonomy":"post_tag","embeddable":true,"href":"https:\/\/agora.xtec.cat\/escolapaisoscatalans\/wp-json\/wp\/v2\/tags?post=24900"}],"curies":[{"name":"wp","href":"https:\/\/api.w.org\/{rel}","templated":true}]}}