{"id":23024,"date":"2022-11-16T13:06:47","date_gmt":"2022-11-16T12:06:47","guid":{"rendered":"https:\/\/agora.xtec.cat\/escolapaisoscatalans\/?p=23024"},"modified":"2022-11-21T13:39:37","modified_gmt":"2022-11-21T12:39:37","slug":"eco-magazine-green-education-in-green-environment","status":"publish","type":"post","link":"https:\/\/agora.xtec.cat\/escolapaisoscatalans\/erasmus_2020\/eco-magazine-green-education-in-green-environment\/","title":{"rendered":"Eco-magazine &#8220;Green education in green environment&#8221;"},"content":{"rendered":"<p style=\"text-align: justify;\">Com a producte final del projecte que estem duent a terme durant aquests anys de forma conjunta amb Bulg\u00e0ria, It\u00e0lia, Portugal, Pol\u00f2nia i Turquia, estem realitzant UNA REVISTA DIGITAL a la qual hi anem afegint articles que anem treballant a les aules. Entre aquests articles, es troben les presentacions dels diferents parcs amb els quals treballem, les mobilitats que s&#8217;han anat realitzant i uns articles que es fan als diferents nivells durant els mesos d&#8217;aquest curs. Tots ells ens ajuden en la nostra educaci\u00f3 medi-ambiental per tal de convertir-nos en m\u00e9s &#8220;verds i ecos&#8221;.<\/p>\n<p>Aquesta revista es va construint a mesura que passa el curs escolar, aix\u00ed que cada mes hi haur\u00e0 un article nou.<\/p>\n<p>Us convidem a visualitzar i seguir la nostra revista!!!!!<\/p>\n<div style=\"width: 100%;\">\n<div style=\"position: relative; padding-bottom: 56.25%; padding-top: 0; height: 0;\"><iframe loading=\"lazy\" style=\"position: absolute; top: 0; left: 0; width: 100%; height: 100%;\" title=\"EKO MAGAZYN\" src=\"https:\/\/view.genial.ly\/62812d171dae73001155e276\" width=\"1200px\" height=\"675px\" frameborder=\"0\" scrolling=\"yes\" allowfullscreen=\"allowfullscreen\"><\/iframe><\/div>\n<\/div>\n<p>&nbsp;<\/p>\n","protected":false},"excerpt":{"rendered":"<p>Com a producte final del projecte que estem duent a terme durant aquests anys de forma conjunta amb Bulg\u00e0ria, It\u00e0lia, Portugal, Pol\u00f2nia i Turquia, estem realitzant UNA REVISTA DIGITAL a la qual hi anem afegint articles que anem treballant a les aules. Entre aquests articles,&hellip;  <a href=\"https:\/\/agora.xtec.cat\/escolapaisoscatalans\/erasmus_2020\/eco-magazine-green-education-in-green-environment\/\" title=\"Read Eco-magazine &#8220;Green education in green environment&#8221;\">Llegeix m\u00e9s\u00bb<\/a><\/p>\n","protected":false},"author":8,"featured_media":0,"comment_status":"open","ping_status":"closed","sticky":false,"template":"","format":"standard","meta":{"_bbp_topic_count":0,"_bbp_reply_count":0,"_bbp_total_topic_count":0,"_bbp_total_reply_count":0,"_bbp_voice_count":0,"_bbp_anonymous_reply_count":0,"_bbp_topic_count_hidden":0,"_bbp_reply_count_hidden":0,"_bbp_forum_subforum_count":0,"footnotes":""},"categories":[246],"tags":[],"class_list":["post-23024","post","type-post","status-publish","format-standard","hentry","category-erasmus_2020"],"post_mailing_queue_ids":[],"_links":{"self":[{"href":"https:\/\/agora.xtec.cat\/escolapaisoscatalans\/wp-json\/wp\/v2\/posts\/23024","targetHints":{"allow":["GET"]}}],"collection":[{"href":"https:\/\/agora.xtec.cat\/escolapaisoscatalans\/wp-json\/wp\/v2\/posts"}],"about":[{"href":"https:\/\/agora.xtec.cat\/escolapaisoscatalans\/wp-json\/wp\/v2\/types\/post"}],"author":[{"embeddable":true,"href":"https:\/\/agora.xtec.cat\/escolapaisoscatalans\/wp-json\/wp\/v2\/users\/8"}],"replies":[{"embeddable":true,"href":"https:\/\/agora.xtec.cat\/escolapaisoscatalans\/wp-json\/wp\/v2\/comments?post=23024"}],"version-history":[{"count":2,"href":"https:\/\/agora.xtec.cat\/escolapaisoscatalans\/wp-json\/wp\/v2\/posts\/23024\/revisions"}],"predecessor-version":[{"id":23080,"href":"https:\/\/agora.xtec.cat\/escolapaisoscatalans\/wp-json\/wp\/v2\/posts\/23024\/revisions\/23080"}],"wp:attachment":[{"href":"https:\/\/agora.xtec.cat\/escolapaisoscatalans\/wp-json\/wp\/v2\/media?parent=23024"}],"wp:term":[{"taxonomy":"category","embeddable":true,"href":"https:\/\/agora.xtec.cat\/escolapaisoscatalans\/wp-json\/wp\/v2\/categories?post=23024"},{"taxonomy":"post_tag","embeddable":true,"href":"https:\/\/agora.xtec.cat\/escolapaisoscatalans\/wp-json\/wp\/v2\/tags?post=23024"}],"curies":[{"name":"wp","href":"https:\/\/api.w.org\/{rel}","templated":true}]}}