{"id":22660,"date":"2022-11-02T13:17:22","date_gmt":"2022-11-02T12:17:22","guid":{"rendered":"https:\/\/agora.xtec.cat\/escolapaisoscatalans\/?p=22660"},"modified":"2022-11-02T13:17:22","modified_gmt":"2022-11-02T12:17:22","slug":"video-resum-de-tercer-intercanvi-dalumnes-de-curta-durada-a-sofia-bulgaria","status":"publish","type":"post","link":"https:\/\/agora.xtec.cat\/escolapaisoscatalans\/erasmus_2020\/video-resum-de-tercer-intercanvi-dalumnes-de-curta-durada-a-sofia-bulgaria\/","title":{"rendered":"Video resum de tercer intercanvi d&#8217;alumnes de curta durada a Sofia (Bulg\u00e0ria)"},"content":{"rendered":"<p style=\"text-align: justify;\">Al mes d&#8217;octubre tres nenes de la nostra escola (Lidia, Joana i Carmen) han viatjat a l&#8217;escola Bankerche de SOFIA per participar en un intercanvi de curta durada. All\u00ed han coincidit amb 8 alumnes m\u00e9s de les delegacions de Pol\u00f2nia, Portugal, It\u00e0lia, Turquia.<\/p>\n<p style=\"text-align: justify;\">Tal i com han comentat elles mateixes, ha estat &#8220;una de les millors setmanes de la seva vida&#8221;. S&#8217;han emportat una experi\u00e8ncia que mai oblidaran, tot i coneixent nova gent, noves lleng\u00fces i noves cultures.<\/p>\n<p style=\"text-align: justify;\">A continuaci\u00f3 teniu un video resum amb les actvitats que es van fer durant aquella setmana.<\/p>\n<p><iframe loading=\"lazy\" title=\"Mobility in Sofia: 3rd STEGP from Erasmus+ KA229 &quot;Green education in green environment&quot;\" width=\"500\" height=\"281\" src=\"https:\/\/www.youtube.com\/embed\/LvgQom-GLFg?feature=oembed\" frameborder=\"0\" allow=\"accelerometer; autoplay; clipboard-write; encrypted-media; gyroscope; picture-in-picture; web-share\" referrerpolicy=\"strict-origin-when-cross-origin\" allowfullscreen><\/iframe><\/p>\n","protected":false},"excerpt":{"rendered":"<p>Al mes d&#8217;octubre tres nenes de la nostra escola (Lidia, Joana i Carmen) han viatjat a l&#8217;escola Bankerche de SOFIA per participar en un intercanvi de curta durada. All\u00ed han coincidit amb 8 alumnes m\u00e9s de les delegacions de Pol\u00f2nia, Portugal, It\u00e0lia, Turquia.<br \/>\nTal i com&hellip;  <a href=\"https:\/\/agora.xtec.cat\/escolapaisoscatalans\/erasmus_2020\/video-resum-de-tercer-intercanvi-dalumnes-de-curta-durada-a-sofia-bulgaria\/\" title=\"Read Video resum de tercer intercanvi d&#8217;alumnes de curta durada a Sofia (Bulg\u00e0ria)\">Llegeix m\u00e9s\u00bb<\/a><\/p>\n","protected":false},"author":8,"featured_media":0,"comment_status":"open","ping_status":"closed","sticky":false,"template":"","format":"standard","meta":{"_bbp_topic_count":0,"_bbp_reply_count":0,"_bbp_total_topic_count":0,"_bbp_total_reply_count":0,"_bbp_voice_count":0,"_bbp_anonymous_reply_count":0,"_bbp_topic_count_hidden":0,"_bbp_reply_count_hidden":0,"_bbp_forum_subforum_count":0,"footnotes":""},"categories":[246],"tags":[],"class_list":["post-22660","post","type-post","status-publish","format-standard","hentry","category-erasmus_2020"],"post_mailing_queue_ids":[],"_links":{"self":[{"href":"https:\/\/agora.xtec.cat\/escolapaisoscatalans\/wp-json\/wp\/v2\/posts\/22660","targetHints":{"allow":["GET"]}}],"collection":[{"href":"https:\/\/agora.xtec.cat\/escolapaisoscatalans\/wp-json\/wp\/v2\/posts"}],"about":[{"href":"https:\/\/agora.xtec.cat\/escolapaisoscatalans\/wp-json\/wp\/v2\/types\/post"}],"author":[{"embeddable":true,"href":"https:\/\/agora.xtec.cat\/escolapaisoscatalans\/wp-json\/wp\/v2\/users\/8"}],"replies":[{"embeddable":true,"href":"https:\/\/agora.xtec.cat\/escolapaisoscatalans\/wp-json\/wp\/v2\/comments?post=22660"}],"version-history":[{"count":1,"href":"https:\/\/agora.xtec.cat\/escolapaisoscatalans\/wp-json\/wp\/v2\/posts\/22660\/revisions"}],"predecessor-version":[{"id":22663,"href":"https:\/\/agora.xtec.cat\/escolapaisoscatalans\/wp-json\/wp\/v2\/posts\/22660\/revisions\/22663"}],"wp:attachment":[{"href":"https:\/\/agora.xtec.cat\/escolapaisoscatalans\/wp-json\/wp\/v2\/media?parent=22660"}],"wp:term":[{"taxonomy":"category","embeddable":true,"href":"https:\/\/agora.xtec.cat\/escolapaisoscatalans\/wp-json\/wp\/v2\/categories?post=22660"},{"taxonomy":"post_tag","embeddable":true,"href":"https:\/\/agora.xtec.cat\/escolapaisoscatalans\/wp-json\/wp\/v2\/tags?post=22660"}],"curies":[{"name":"wp","href":"https:\/\/api.w.org\/{rel}","templated":true}]}}