{"id":22389,"date":"2022-10-05T17:17:30","date_gmt":"2022-10-05T15:17:30","guid":{"rendered":"https:\/\/agora.xtec.cat\/escolapaisoscatalans\/?p=22389"},"modified":"2022-10-06T21:25:12","modified_gmt":"2022-10-06T19:25:12","slug":"videotrucada-previa-a-la-trobada-dalumnes-de-bulgaria","status":"publish","type":"post","link":"https:\/\/agora.xtec.cat\/escolapaisoscatalans\/6e\/videotrucada-previa-a-la-trobada-dalumnes-de-bulgaria\/","title":{"rendered":"Videotrucada pr\u00e8via a la trobada d&#8217;alumnes de Bulg\u00e0ria"},"content":{"rendered":"<p>Ahir, les alumnes que participaran a l&#8217;intercanvi de grups d&#8217;alumnes de curta durada que es dur\u00e0 a terme del 16 al 22 d&#8217;octubre a Sofia, es van trobar pr\u00e8viament amb els representants dels altres pa\u00efsos, per con\u00e8ixer-se els uns als altres de forma virtual.<\/p>\n<p>La Joana, la Carmen i la Lidia van quedar segones en un joc virtual, amb els seus coneixements sobre el Vistosha national Park, lloc amb el qual treballem i que anirem a con\u00e8ixer in situ en breu.<\/p>\n<p><a href=\"https:\/\/agora.xtec.cat\/escolapaisoscatalans\/wp-content\/uploads\/usu491\/2022\/10\/1664966209582.jpg\"><img loading=\"lazy\" decoding=\"async\" class=\"aligncenter size-medium wp-image-22390\" src=\"https:\/\/agora.xtec.cat\/escolapaisoscatalans\/wp-content\/uploads\/usu491\/2022\/10\/1664966209582-300x225.jpg\" alt=\"\" width=\"300\" height=\"225\" \/><\/a> <a href=\"https:\/\/agora.xtec.cat\/escolapaisoscatalans\/wp-content\/uploads\/usu491\/2022\/10\/1664966209644.jpg\"><img loading=\"lazy\" decoding=\"async\" class=\"aligncenter size-medium wp-image-22391\" src=\"https:\/\/agora.xtec.cat\/escolapaisoscatalans\/wp-content\/uploads\/usu491\/2022\/10\/1664966209644-300x225.jpg\" alt=\"\" width=\"300\" height=\"225\" \/><\/a> <a href=\"https:\/\/agora.xtec.cat\/escolapaisoscatalans\/wp-content\/uploads\/usu491\/2022\/10\/1664966209630.jpg\"><img loading=\"lazy\" decoding=\"async\" class=\"aligncenter size-medium wp-image-22392\" src=\"https:\/\/agora.xtec.cat\/escolapaisoscatalans\/wp-content\/uploads\/usu491\/2022\/10\/1664966209630-300x225.jpg\" alt=\"\" width=\"300\" height=\"225\" \/><\/a> <a href=\"https:\/\/agora.xtec.cat\/escolapaisoscatalans\/wp-content\/uploads\/usu491\/2022\/10\/1664966209601.jpg\"><img loading=\"lazy\" decoding=\"async\" class=\"aligncenter size-medium wp-image-22393\" src=\"https:\/\/agora.xtec.cat\/escolapaisoscatalans\/wp-content\/uploads\/usu491\/2022\/10\/1664966209601-300x225.jpg\" alt=\"\" width=\"300\" height=\"225\" \/><\/a><\/p>\n","protected":false},"excerpt":{"rendered":"<p>Ahir, les alumnes que participaran a l&#8217;intercanvi de grups d&#8217;alumnes de curta durada que es dur\u00e0 a terme del 16 al 22 d&#8217;octubre a Sofia, es van trobar pr\u00e8viament amb els representants dels altres pa\u00efsos, per con\u00e8ixer-se els uns als altres de forma virtual.<br \/>\nLa Joana,&hellip;  <a href=\"https:\/\/agora.xtec.cat\/escolapaisoscatalans\/6e\/videotrucada-previa-a-la-trobada-dalumnes-de-bulgaria\/\" title=\"Read Videotrucada pr\u00e8via a la trobada d&#8217;alumnes de Bulg\u00e0ria\">Llegeix m\u00e9s\u00bb<\/a><\/p>\n","protected":false},"author":8,"featured_media":0,"comment_status":"open","ping_status":"closed","sticky":false,"template":"","format":"standard","meta":{"_bbp_topic_count":0,"_bbp_reply_count":0,"_bbp_total_topic_count":0,"_bbp_total_reply_count":0,"_bbp_voice_count":0,"_bbp_anonymous_reply_count":0,"_bbp_topic_count_hidden":0,"_bbp_reply_count_hidden":0,"_bbp_forum_subforum_count":0,"footnotes":""},"categories":[15,246],"tags":[],"class_list":["post-22389","post","type-post","status-publish","format-standard","hentry","category-6e","category-erasmus_2020"],"post_mailing_queue_ids":[],"_links":{"self":[{"href":"https:\/\/agora.xtec.cat\/escolapaisoscatalans\/wp-json\/wp\/v2\/posts\/22389","targetHints":{"allow":["GET"]}}],"collection":[{"href":"https:\/\/agora.xtec.cat\/escolapaisoscatalans\/wp-json\/wp\/v2\/posts"}],"about":[{"href":"https:\/\/agora.xtec.cat\/escolapaisoscatalans\/wp-json\/wp\/v2\/types\/post"}],"author":[{"embeddable":true,"href":"https:\/\/agora.xtec.cat\/escolapaisoscatalans\/wp-json\/wp\/v2\/users\/8"}],"replies":[{"embeddable":true,"href":"https:\/\/agora.xtec.cat\/escolapaisoscatalans\/wp-json\/wp\/v2\/comments?post=22389"}],"version-history":[{"count":2,"href":"https:\/\/agora.xtec.cat\/escolapaisoscatalans\/wp-json\/wp\/v2\/posts\/22389\/revisions"}],"predecessor-version":[{"id":22399,"href":"https:\/\/agora.xtec.cat\/escolapaisoscatalans\/wp-json\/wp\/v2\/posts\/22389\/revisions\/22399"}],"wp:attachment":[{"href":"https:\/\/agora.xtec.cat\/escolapaisoscatalans\/wp-json\/wp\/v2\/media?parent=22389"}],"wp:term":[{"taxonomy":"category","embeddable":true,"href":"https:\/\/agora.xtec.cat\/escolapaisoscatalans\/wp-json\/wp\/v2\/categories?post=22389"},{"taxonomy":"post_tag","embeddable":true,"href":"https:\/\/agora.xtec.cat\/escolapaisoscatalans\/wp-json\/wp\/v2\/tags?post=22389"}],"curies":[{"name":"wp","href":"https:\/\/api.w.org\/{rel}","templated":true}]}}