{"id":22386,"date":"2022-10-05T17:10:13","date_gmt":"2022-10-05T15:10:13","guid":{"rendered":"https:\/\/agora.xtec.cat\/escolapaisoscatalans\/?p=22386"},"modified":"2022-10-07T22:40:24","modified_gmt":"2022-10-07T20:40:24","slug":"participacio-a-la-joranda-de-difusio-dels-projectes-erasmus","status":"publish","type":"post","link":"https:\/\/agora.xtec.cat\/escolapaisoscatalans\/erasmus_2020\/participacio-a-la-joranda-de-difusio-dels-projectes-erasmus\/","title":{"rendered":"Participaci\u00f3 a la jornada de difusi\u00f3 dels projectes Erasmus+"},"content":{"rendered":"<p>La setmana passada les mestres Pilar Sert i Chus Garc\u00eda, com a coordinadora de projectes internacionals, van participar en la jornada de Difusi\u00f3 de projectes Erasmus+ que es va fer online per tal de promocionar les bones pr\u00e0ctiques que es fan a escoles de prim\u00e0ria i instituts de la delegaci\u00f3 de Lleida.<\/p>\n<p>Totes dues van explicar els projectes duts a terme fins ara, avantatges i inconvenients, aix\u00ed com les experi\u00e8ncies viscudes per part de tots els membres de la comunitat educativa.<\/p>\n<p>Us fem a mans la presentaci\u00f3 que van elaborar,&#8230;<\/p>\n<div style=\"width: 100%;\">\n<div style=\"position: relative; padding-bottom: 56.25%; padding-top: 0; height: 0;\"><iframe loading=\"lazy\" style=\"position: absolute; top: 0; left: 0; width: 100%; height: 100%;\" src=\"https:\/\/view.genial.ly\/6329e0ef9848360011e6ea85\" width=\"1200\" height=\"675\" frameborder=\"0\" scrolling=\"yes\" allowfullscreen=\"allowfullscreen\"><\/iframe><\/div>\n<\/div>\n<p>&nbsp;<\/p>\n","protected":false},"excerpt":{"rendered":"<p>La setmana passada les mestres Pilar Sert i Chus Garc\u00eda, com a coordinadora de projectes internacionals, van participar en la jornada de Difusi\u00f3 de projectes Erasmus+ que es va fer online per tal de promocionar les bones pr\u00e0ctiques que es fan a escoles de prim\u00e0ria&hellip;  <a href=\"https:\/\/agora.xtec.cat\/escolapaisoscatalans\/erasmus_2020\/participacio-a-la-joranda-de-difusio-dels-projectes-erasmus\/\" title=\"Read Participaci\u00f3 a la jornada de difusi\u00f3 dels projectes Erasmus+\">Llegeix m\u00e9s\u00bb<\/a><\/p>\n","protected":false},"author":8,"featured_media":0,"comment_status":"open","ping_status":"closed","sticky":false,"template":"","format":"standard","meta":{"_bbp_topic_count":0,"_bbp_reply_count":0,"_bbp_total_topic_count":0,"_bbp_total_reply_count":0,"_bbp_voice_count":0,"_bbp_anonymous_reply_count":0,"_bbp_topic_count_hidden":0,"_bbp_reply_count_hidden":0,"_bbp_forum_subforum_count":0,"footnotes":""},"categories":[246],"tags":[],"class_list":["post-22386","post","type-post","status-publish","format-standard","hentry","category-erasmus_2020"],"post_mailing_queue_ids":[],"_links":{"self":[{"href":"https:\/\/agora.xtec.cat\/escolapaisoscatalans\/wp-json\/wp\/v2\/posts\/22386","targetHints":{"allow":["GET"]}}],"collection":[{"href":"https:\/\/agora.xtec.cat\/escolapaisoscatalans\/wp-json\/wp\/v2\/posts"}],"about":[{"href":"https:\/\/agora.xtec.cat\/escolapaisoscatalans\/wp-json\/wp\/v2\/types\/post"}],"author":[{"embeddable":true,"href":"https:\/\/agora.xtec.cat\/escolapaisoscatalans\/wp-json\/wp\/v2\/users\/8"}],"replies":[{"embeddable":true,"href":"https:\/\/agora.xtec.cat\/escolapaisoscatalans\/wp-json\/wp\/v2\/comments?post=22386"}],"version-history":[{"count":3,"href":"https:\/\/agora.xtec.cat\/escolapaisoscatalans\/wp-json\/wp\/v2\/posts\/22386\/revisions"}],"predecessor-version":[{"id":22421,"href":"https:\/\/agora.xtec.cat\/escolapaisoscatalans\/wp-json\/wp\/v2\/posts\/22386\/revisions\/22421"}],"wp:attachment":[{"href":"https:\/\/agora.xtec.cat\/escolapaisoscatalans\/wp-json\/wp\/v2\/media?parent=22386"}],"wp:term":[{"taxonomy":"category","embeddable":true,"href":"https:\/\/agora.xtec.cat\/escolapaisoscatalans\/wp-json\/wp\/v2\/categories?post=22386"},{"taxonomy":"post_tag","embeddable":true,"href":"https:\/\/agora.xtec.cat\/escolapaisoscatalans\/wp-json\/wp\/v2\/tags?post=22386"}],"curies":[{"name":"wp","href":"https:\/\/api.w.org\/{rel}","templated":true}]}}