{"id":21567,"date":"2022-05-07T18:50:57","date_gmt":"2022-05-07T16:50:57","guid":{"rendered":"https:\/\/agora.xtec.cat\/escolapaisoscatalans\/?p=21567"},"modified":"2022-05-07T18:57:13","modified_gmt":"2022-05-07T16:57:13","slug":"video-resum-del-primer-intercanvi-de-grup-dalumnes-de-curta-durada","status":"publish","type":"post","link":"https:\/\/agora.xtec.cat\/escolapaisoscatalans\/6e\/video-resum-del-primer-intercanvi-de-grup-dalumnes-de-curta-durada\/","title":{"rendered":"V\u00eddeo resum del primer intercanvi de  grup d&#8217;alumnes de curta durada"},"content":{"rendered":"<p>A finals del mes de mar\u00e7 vam gaudir de la visita del nostres Partners estrangers. A part del reportatge fotogr\u00e0fic ja publicat, aqu\u00ed teniu un v\u00eddeo resum de les activitats dutes a terme durant tota la setmana. Estem preparant-nos ja per la pr\u00f2xima trobada!<\/p>\n<p><iframe loading=\"lazy\" title=\"Mobility lleida (20\/26 March 2022) Erasmus+ KA229 &quot;Green education in green environment&quot;\" width=\"500\" height=\"281\" src=\"https:\/\/www.youtube.com\/embed\/Ry5Rs_7AIqA?feature=oembed\" frameborder=\"0\" allow=\"accelerometer; autoplay; clipboard-write; encrypted-media; gyroscope; picture-in-picture; web-share\" referrerpolicy=\"strict-origin-when-cross-origin\" allowfullscreen><\/iframe><\/p>\n","protected":false},"excerpt":{"rendered":"<p>A finals del mes de mar\u00e7 vam gaudir de la visita del nostres Partners estrangers. A part del reportatge fotogr\u00e0fic ja publicat, aqu\u00ed teniu un v\u00eddeo resum de les activitats dutes a terme durant tota la setmana. Estem preparant-nos ja per la pr\u00f2xima trobada!<\/p>\n","protected":false},"author":8,"featured_media":0,"comment_status":"open","ping_status":"closed","sticky":false,"template":"","format":"standard","meta":{"_bbp_topic_count":0,"_bbp_reply_count":0,"_bbp_total_topic_count":0,"_bbp_total_reply_count":0,"_bbp_voice_count":0,"_bbp_anonymous_reply_count":0,"_bbp_topic_count_hidden":0,"_bbp_reply_count_hidden":0,"_bbp_forum_subforum_count":0,"footnotes":""},"categories":[15,246],"tags":[],"class_list":["post-21567","post","type-post","status-publish","format-standard","hentry","category-6e","category-erasmus_2020"],"post_mailing_queue_ids":[],"_links":{"self":[{"href":"https:\/\/agora.xtec.cat\/escolapaisoscatalans\/wp-json\/wp\/v2\/posts\/21567","targetHints":{"allow":["GET"]}}],"collection":[{"href":"https:\/\/agora.xtec.cat\/escolapaisoscatalans\/wp-json\/wp\/v2\/posts"}],"about":[{"href":"https:\/\/agora.xtec.cat\/escolapaisoscatalans\/wp-json\/wp\/v2\/types\/post"}],"author":[{"embeddable":true,"href":"https:\/\/agora.xtec.cat\/escolapaisoscatalans\/wp-json\/wp\/v2\/users\/8"}],"replies":[{"embeddable":true,"href":"https:\/\/agora.xtec.cat\/escolapaisoscatalans\/wp-json\/wp\/v2\/comments?post=21567"}],"version-history":[{"count":2,"href":"https:\/\/agora.xtec.cat\/escolapaisoscatalans\/wp-json\/wp\/v2\/posts\/21567\/revisions"}],"predecessor-version":[{"id":21649,"href":"https:\/\/agora.xtec.cat\/escolapaisoscatalans\/wp-json\/wp\/v2\/posts\/21567\/revisions\/21649"}],"wp:attachment":[{"href":"https:\/\/agora.xtec.cat\/escolapaisoscatalans\/wp-json\/wp\/v2\/media?parent=21567"}],"wp:term":[{"taxonomy":"category","embeddable":true,"href":"https:\/\/agora.xtec.cat\/escolapaisoscatalans\/wp-json\/wp\/v2\/categories?post=21567"},{"taxonomy":"post_tag","embeddable":true,"href":"https:\/\/agora.xtec.cat\/escolapaisoscatalans\/wp-json\/wp\/v2\/tags?post=21567"}],"curies":[{"name":"wp","href":"https:\/\/api.w.org\/{rel}","templated":true}]}}