{"id":20579,"date":"2022-02-10T19:12:35","date_gmt":"2022-02-10T18:12:35","guid":{"rendered":"https:\/\/agora.xtec.cat\/escolapaisoscatalans\/?p=20579"},"modified":"2022-02-10T19:12:35","modified_gmt":"2022-02-10T18:12:35","slug":"video-meeting-spain-poland","status":"publish","type":"post","link":"https:\/\/agora.xtec.cat\/escolapaisoscatalans\/erasmus_2020\/video-meeting-spain-poland\/","title":{"rendered":"Video meeting Spain \/ Poland"},"content":{"rendered":"<p style=\"text-align: justify;\">Com a continuaci\u00f3 de l&#8217;activitat anterior, al gener, l&#8217;alumnat de 5\u00e8 A tamb\u00e9 va voler treballar i parlar sobre la reducci\u00f3 de l&#8217;\u00fas dels pl\u00e0stics amb l&#8217;escola de Pol\u00f2nia. Tamb\u00e9 s&#8217;ho van preparar molt i molt b\u00e9 i els va encantar veure i parlar amb alumnes estrangers. Volem repetir!!<\/p>\n<p><a href=\"https:\/\/photos.app.goo.gl\/FkMkFXpZP1ZU3TpQ6\"><img loading=\"lazy\" decoding=\"async\" class=\"aligncenter wp-image-20580 size-medium\" src=\"https:\/\/agora.xtec.cat\/escolapaisoscatalans\/wp-content\/uploads\/usu491\/2022\/02\/video-meeting-spain-poland-january-1-300x225.jpg\" alt=\"\" width=\"300\" height=\"225\" srcset=\"https:\/\/agora.xtec.cat\/escolapaisoscatalans\/wp-content\/uploads\/usu491\/2022\/02\/video-meeting-spain-poland-january-1-300x225.jpg 300w, https:\/\/agora.xtec.cat\/escolapaisoscatalans\/wp-content\/uploads\/usu491\/2022\/02\/video-meeting-spain-poland-january-1-200x150.jpg 200w, https:\/\/agora.xtec.cat\/escolapaisoscatalans\/wp-content\/uploads\/usu491\/2022\/02\/video-meeting-spain-poland-january-1.jpg 448w\" sizes=\"auto, (max-width: 300px) 100vw, 300px\" \/><\/a><\/p>\n","protected":false},"excerpt":{"rendered":"<p>Com a continuaci\u00f3 de l&#8217;activitat anterior, al gener, l&#8217;alumnat de 5\u00e8 A tamb\u00e9 va voler treballar i parlar sobre la reducci\u00f3 de l&#8217;\u00fas dels pl\u00e0stics amb l&#8217;escola de Pol\u00f2nia. Tamb\u00e9 s&#8217;ho van preparar molt i molt b\u00e9 i els va encantar veure i parlar amb&hellip;  <a href=\"https:\/\/agora.xtec.cat\/escolapaisoscatalans\/erasmus_2020\/video-meeting-spain-poland\/\" title=\"Read Video meeting Spain \/ Poland\">Llegeix m\u00e9s\u00bb<\/a><\/p>\n","protected":false},"author":8,"featured_media":20580,"comment_status":"open","ping_status":"closed","sticky":false,"template":"","format":"standard","meta":{"_bbp_topic_count":0,"_bbp_reply_count":0,"_bbp_total_topic_count":0,"_bbp_total_reply_count":0,"_bbp_voice_count":0,"_bbp_anonymous_reply_count":0,"_bbp_topic_count_hidden":0,"_bbp_reply_count_hidden":0,"_bbp_forum_subforum_count":0,"footnotes":""},"categories":[246],"tags":[],"class_list":["post-20579","post","type-post","status-publish","format-standard","has-post-thumbnail","hentry","category-erasmus_2020"],"post_mailing_queue_ids":[],"_links":{"self":[{"href":"https:\/\/agora.xtec.cat\/escolapaisoscatalans\/wp-json\/wp\/v2\/posts\/20579","targetHints":{"allow":["GET"]}}],"collection":[{"href":"https:\/\/agora.xtec.cat\/escolapaisoscatalans\/wp-json\/wp\/v2\/posts"}],"about":[{"href":"https:\/\/agora.xtec.cat\/escolapaisoscatalans\/wp-json\/wp\/v2\/types\/post"}],"author":[{"embeddable":true,"href":"https:\/\/agora.xtec.cat\/escolapaisoscatalans\/wp-json\/wp\/v2\/users\/8"}],"replies":[{"embeddable":true,"href":"https:\/\/agora.xtec.cat\/escolapaisoscatalans\/wp-json\/wp\/v2\/comments?post=20579"}],"version-history":[{"count":2,"href":"https:\/\/agora.xtec.cat\/escolapaisoscatalans\/wp-json\/wp\/v2\/posts\/20579\/revisions"}],"predecessor-version":[{"id":20584,"href":"https:\/\/agora.xtec.cat\/escolapaisoscatalans\/wp-json\/wp\/v2\/posts\/20579\/revisions\/20584"}],"wp:featuredmedia":[{"embeddable":true,"href":"https:\/\/agora.xtec.cat\/escolapaisoscatalans\/wp-json\/wp\/v2\/media\/20580"}],"wp:attachment":[{"href":"https:\/\/agora.xtec.cat\/escolapaisoscatalans\/wp-json\/wp\/v2\/media?parent=20579"}],"wp:term":[{"taxonomy":"category","embeddable":true,"href":"https:\/\/agora.xtec.cat\/escolapaisoscatalans\/wp-json\/wp\/v2\/categories?post=20579"},{"taxonomy":"post_tag","embeddable":true,"href":"https:\/\/agora.xtec.cat\/escolapaisoscatalans\/wp-json\/wp\/v2\/tags?post=20579"}],"curies":[{"name":"wp","href":"https:\/\/api.w.org\/{rel}","templated":true}]}}