{"id":20568,"date":"2022-02-10T19:09:57","date_gmt":"2022-02-10T18:09:57","guid":{"rendered":"https:\/\/agora.xtec.cat\/escolapaisoscatalans\/?p=20568"},"modified":"2022-02-10T19:11:50","modified_gmt":"2022-02-10T18:11:50","slug":"video-meeting-spain-portugal","status":"publish","type":"post","link":"https:\/\/agora.xtec.cat\/escolapaisoscatalans\/erasmus_2020\/video-meeting-spain-portugal\/","title":{"rendered":"Video meeting Spain \/ Portugal"},"content":{"rendered":"<p style=\"text-align: justify;\">Al final del primer trimestre ens vam engrescar amb l&#8217;alumnat de Portugal, Agrupamento de Escuelas de Mangualde, a parlar de l&#8217;utilitzaci\u00f3 que fem dels pl\u00e0stics a la nostra vida quotidiana, tant a l&#8217;escola com a l&#8217;\u00e0mbit de casa, per tractar de redu\u00efr-ne al m\u00e0xim el seu \u00fas. L&#8217;alumnat de 5\u00e8B ha pogut treballar i explicar tot all\u00f2 que fem aqu\u00ed a la nostra ciutat.<\/p>\n<p><a href=\"https:\/\/photos.app.goo.gl\/AQGUBd2QZGB2gEqN6\"><img loading=\"lazy\" decoding=\"async\" class=\"aligncenter wp-image-20577 size-medium\" src=\"https:\/\/agora.xtec.cat\/escolapaisoscatalans\/wp-content\/uploads\/usu491\/2022\/02\/video-meeting-portugal-spain-300x225.jpg\" alt=\"\" width=\"300\" height=\"225\" srcset=\"https:\/\/agora.xtec.cat\/escolapaisoscatalans\/wp-content\/uploads\/usu491\/2022\/02\/video-meeting-portugal-spain-300x225.jpg 300w, https:\/\/agora.xtec.cat\/escolapaisoscatalans\/wp-content\/uploads\/usu491\/2022\/02\/video-meeting-portugal-spain-200x150.jpg 200w, https:\/\/agora.xtec.cat\/escolapaisoscatalans\/wp-content\/uploads\/usu491\/2022\/02\/video-meeting-portugal-spain.jpg 448w\" sizes=\"auto, (max-width: 300px) 100vw, 300px\" \/><\/a><\/p>\n<p><iframe loading=\"lazy\" style=\"border: 1px solid #CCC; border-width: 1px; margin-bottom: 5px; max-width: 100%;\" src=\"\/\/www.slideshare.net\/slideshow\/embed_code\/key\/t0rFji3GG55Q06\" width=\"595\" height=\"485\" frameborder=\"0\" marginwidth=\"0\" marginheight=\"0\" scrolling=\"no\" allowfullscreen=\"allowfullscreen\"> <\/iframe><\/p>\n<div style=\"margin-bottom: 5px;\"><strong> <a title=\"Plastic in our lives. Escolas de Mangualde\" href=\"\/\/www.slideshare.net\/escolapaisoscatalans\/plastic-in-our-lives-escolas-de-mangualde\" target=\"_blank\" rel=\"noopener\">Plastic in our lives. Escolas de Mangualde<\/a> <\/strong> de <strong><a href=\"\/\/www.slideshare.net\/escolapaisoscatalans\" target=\"_blank\" rel=\"noopener\">Escola Pa\u00efsos Catalans <\/a><\/strong><\/div>\n<div><\/div>\n<div><\/div>\n<p><iframe loading=\"lazy\" style=\"border: 1px solid #CCC; border-width: 1px; margin-bottom: 5px; max-width: 100%;\" src=\"\/\/www.slideshare.net\/slideshow\/embed_code\/key\/fRMrG31KgXdjnd\" width=\"595\" height=\"485\" frameborder=\"0\" marginwidth=\"0\" marginheight=\"0\" scrolling=\"no\" allowfullscreen=\"allowfullscreen\"> <\/iframe><\/p>\n<div style=\"margin-bottom: 5px;\"><strong> <a title=\"Reduction of plastics presentation Escola Pa\u00efsos Catalans\" href=\"\/\/www.slideshare.net\/escolapaisoscatalans\/reduction-of-plastics-presentation-escola-pasos-catalans\" target=\"_blank\" rel=\"noopener\">Reduction of plastics presentation Escola Pa\u00efsos Catalans<\/a> <\/strong> de <strong><a href=\"\/\/www.slideshare.net\/escolapaisoscatalans\" target=\"_blank\" rel=\"noopener\">Escola Pa\u00efsos Catalans <\/a><\/strong><\/div>\n","protected":false},"excerpt":{"rendered":"<p>Al final del primer trimestre ens vam engrescar amb l&#8217;alumnat de Portugal, Agrupamento de Escuelas de Mangualde, a parlar de l&#8217;utilitzaci\u00f3 que fem dels pl\u00e0stics a la nostra vida quotidiana, tant a l&#8217;escola com a l&#8217;\u00e0mbit de casa, per tractar de redu\u00efr-ne al m\u00e0xim el&hellip;  <a href=\"https:\/\/agora.xtec.cat\/escolapaisoscatalans\/erasmus_2020\/video-meeting-spain-portugal\/\" title=\"Read Video meeting Spain \/ Portugal\">Llegeix m\u00e9s\u00bb<\/a><\/p>\n","protected":false},"author":8,"featured_media":20577,"comment_status":"open","ping_status":"closed","sticky":false,"template":"","format":"standard","meta":{"_bbp_topic_count":0,"_bbp_reply_count":0,"_bbp_total_topic_count":0,"_bbp_total_reply_count":0,"_bbp_voice_count":0,"_bbp_anonymous_reply_count":0,"_bbp_topic_count_hidden":0,"_bbp_reply_count_hidden":0,"_bbp_forum_subforum_count":0,"footnotes":""},"categories":[246],"tags":[],"class_list":["post-20568","post","type-post","status-publish","format-standard","has-post-thumbnail","hentry","category-erasmus_2020"],"post_mailing_queue_ids":[],"_links":{"self":[{"href":"https:\/\/agora.xtec.cat\/escolapaisoscatalans\/wp-json\/wp\/v2\/posts\/20568","targetHints":{"allow":["GET"]}}],"collection":[{"href":"https:\/\/agora.xtec.cat\/escolapaisoscatalans\/wp-json\/wp\/v2\/posts"}],"about":[{"href":"https:\/\/agora.xtec.cat\/escolapaisoscatalans\/wp-json\/wp\/v2\/types\/post"}],"author":[{"embeddable":true,"href":"https:\/\/agora.xtec.cat\/escolapaisoscatalans\/wp-json\/wp\/v2\/users\/8"}],"replies":[{"embeddable":true,"href":"https:\/\/agora.xtec.cat\/escolapaisoscatalans\/wp-json\/wp\/v2\/comments?post=20568"}],"version-history":[{"count":3,"href":"https:\/\/agora.xtec.cat\/escolapaisoscatalans\/wp-json\/wp\/v2\/posts\/20568\/revisions"}],"predecessor-version":[{"id":20583,"href":"https:\/\/agora.xtec.cat\/escolapaisoscatalans\/wp-json\/wp\/v2\/posts\/20568\/revisions\/20583"}],"wp:featuredmedia":[{"embeddable":true,"href":"https:\/\/agora.xtec.cat\/escolapaisoscatalans\/wp-json\/wp\/v2\/media\/20577"}],"wp:attachment":[{"href":"https:\/\/agora.xtec.cat\/escolapaisoscatalans\/wp-json\/wp\/v2\/media?parent=20568"}],"wp:term":[{"taxonomy":"category","embeddable":true,"href":"https:\/\/agora.xtec.cat\/escolapaisoscatalans\/wp-json\/wp\/v2\/categories?post=20568"},{"taxonomy":"post_tag","embeddable":true,"href":"https:\/\/agora.xtec.cat\/escolapaisoscatalans\/wp-json\/wp\/v2\/tags?post=20568"}],"curies":[{"name":"wp","href":"https:\/\/api.w.org\/{rel}","templated":true}]}}