{"id":19210,"date":"2021-06-27T13:12:19","date_gmt":"2021-06-27T11:12:19","guid":{"rendered":"http:\/\/agora.xtec.cat\/escolapaisoscatalans\/?p=19210"},"modified":"2021-06-27T13:14:37","modified_gmt":"2021-06-27T11:14:37","slug":"primer-contacte-audiovisual-amb-altres-centres","status":"publish","type":"post","link":"https:\/\/agora.xtec.cat\/escolapaisoscatalans\/erasmus_2020\/primer-contacte-audiovisual-amb-altres-centres\/","title":{"rendered":"Primer contacte audiovisual amb altres centres"},"content":{"rendered":"<p style=\"text-align: justify;\">Durant la primera setmana de juny, el nostre alumnat i el dels nostres col\u00b7legues internacionals, per fi ens vam poder con\u00e8ixer i &#8220;veure les cares&#8221;.\u00a0 Com a conseq\u00fc\u00e8ncia de la pand\u00e8mia i les situacions que ha provocat, com per exemple el tancament de la majoria de les escoles de l&#8217;associaci\u00f3, no hav\u00edem pogut fer aquesta activitat fins al darrer moment del curs en el qual , per fi, estaven totes obertes.<\/p>\n<p style=\"text-align: justify;\">Aquestes trobades virtuals es van materialitzar, per comen\u00e7ar, en video trucades entre centres, per parelles. El nostre centre va parlar amb l&#8217;alumnat de Portici (It\u00e0lia). Vam viure una situaci\u00f3 real d&#8217;aprenentatge, ja que vam poder posar cara a les persones amb les que treballem, obviament amb la llengua anglesa com a vehicular.<\/p>\n<p style=\"text-align: justify;\">En aquesta videoconferencia de presentaci\u00f3, l&#8217;alumnat de 6\u00e8 i l&#8217;itali\u00e0 van presentar la nostra ciutat i va haver una roda d&#8217;intervencions i preguntes.<\/p>\n<p><img loading=\"lazy\" decoding=\"async\" class=\"alignnone size-full wp-image-19215\" src=\"https:\/\/agora.xtec.cat\/escolapaisoscatalans\/wp-content\/uploads\/usu491\/2021\/06\/IMG_20210603_100918.jpg\" alt=\"\" width=\"448\" height=\"336\" \/> <img loading=\"lazy\" decoding=\"async\" class=\"alignnone size-large wp-image-19216\" src=\"https:\/\/agora.xtec.cat\/escolapaisoscatalans\/wp-content\/uploads\/usu491\/2021\/06\/IMG_20210603_101135.jpg\" alt=\"\" width=\"448\" height=\"336\" \/> <img loading=\"lazy\" decoding=\"async\" class=\"alignnone size-large wp-image-19217\" src=\"https:\/\/agora.xtec.cat\/escolapaisoscatalans\/wp-content\/uploads\/usu491\/2021\/06\/IMG_20210603_101509.jpg\" alt=\"\" width=\"448\" height=\"336\" \/><\/p>\n<p>&nbsp;<\/p>\n<p><img loading=\"lazy\" decoding=\"async\" class=\"alignnone size-large wp-image-19218\" src=\"https:\/\/agora.xtec.cat\/escolapaisoscatalans\/wp-content\/uploads\/usu491\/2021\/06\/IMG_20210603_101725.jpg\" alt=\"\" width=\"448\" height=\"336\" \/><\/p>\n<p>&nbsp;<\/p>\n<p>Si teniu curiositat per veure com van anar les altres trobades virtuals, entreu al blog de l&#8217;associaci\u00f3:<\/p>\n<p><a href=\"https:\/\/green-erasmus.blogspot.com\/2021\/06\/online-connections-between-students.html\"><img loading=\"lazy\" decoding=\"async\" class=\"alignnone wp-image-19213 size-large\" src=\"https:\/\/agora.xtec.cat\/escolapaisoscatalans\/wp-content\/uploads\/usu491\/2021\/06\/1624122442748-1024x768.jpg\" alt=\"\" width=\"1024\" height=\"768\" \/><\/a><\/p>\n","protected":false},"excerpt":{"rendered":"<p>Durant la primera setmana de juny, el nostre alumnat i el dels nostres col\u00b7legues internacionals, per fi ens vam poder con\u00e8ixer i &#8220;veure les cares&#8221;.\u00a0 Com a conseq\u00fc\u00e8ncia de la pand\u00e8mia i les situacions que ha provocat, com per exemple el tancament de la majoria&hellip;  <a href=\"https:\/\/agora.xtec.cat\/escolapaisoscatalans\/erasmus_2020\/primer-contacte-audiovisual-amb-altres-centres\/\" title=\"Read Primer contacte audiovisual amb altres centres\">Llegeix m\u00e9s\u00bb<\/a><\/p>\n","protected":false},"author":7,"featured_media":0,"comment_status":"open","ping_status":"closed","sticky":false,"template":"","format":"standard","meta":{"_bbp_topic_count":0,"_bbp_reply_count":0,"_bbp_total_topic_count":0,"_bbp_total_reply_count":0,"_bbp_voice_count":0,"_bbp_anonymous_reply_count":0,"_bbp_topic_count_hidden":0,"_bbp_reply_count_hidden":0,"_bbp_forum_subforum_count":0,"footnotes":""},"categories":[246],"tags":[],"class_list":["post-19210","post","type-post","status-publish","format-standard","hentry","category-erasmus_2020"],"post_mailing_queue_ids":[],"_links":{"self":[{"href":"https:\/\/agora.xtec.cat\/escolapaisoscatalans\/wp-json\/wp\/v2\/posts\/19210","targetHints":{"allow":["GET"]}}],"collection":[{"href":"https:\/\/agora.xtec.cat\/escolapaisoscatalans\/wp-json\/wp\/v2\/posts"}],"about":[{"href":"https:\/\/agora.xtec.cat\/escolapaisoscatalans\/wp-json\/wp\/v2\/types\/post"}],"author":[{"embeddable":true,"href":"https:\/\/agora.xtec.cat\/escolapaisoscatalans\/wp-json\/wp\/v2\/users\/7"}],"replies":[{"embeddable":true,"href":"https:\/\/agora.xtec.cat\/escolapaisoscatalans\/wp-json\/wp\/v2\/comments?post=19210"}],"version-history":[{"count":3,"href":"https:\/\/agora.xtec.cat\/escolapaisoscatalans\/wp-json\/wp\/v2\/posts\/19210\/revisions"}],"predecessor-version":[{"id":19220,"href":"https:\/\/agora.xtec.cat\/escolapaisoscatalans\/wp-json\/wp\/v2\/posts\/19210\/revisions\/19220"}],"wp:attachment":[{"href":"https:\/\/agora.xtec.cat\/escolapaisoscatalans\/wp-json\/wp\/v2\/media?parent=19210"}],"wp:term":[{"taxonomy":"category","embeddable":true,"href":"https:\/\/agora.xtec.cat\/escolapaisoscatalans\/wp-json\/wp\/v2\/categories?post=19210"},{"taxonomy":"post_tag","embeddable":true,"href":"https:\/\/agora.xtec.cat\/escolapaisoscatalans\/wp-json\/wp\/v2\/tags?post=19210"}],"curies":[{"name":"wp","href":"https:\/\/api.w.org\/{rel}","templated":true}]}}