{"id":18860,"date":"2021-05-24T18:51:25","date_gmt":"2021-05-24T16:51:25","guid":{"rendered":"http:\/\/agora.xtec.cat\/escolapaisoscatalans\/?p=18860"},"modified":"2021-07-11T14:22:34","modified_gmt":"2021-07-11T12:22:34","slug":"presentacio-del-parc-de-la-mitjana","status":"publish","type":"post","link":"https:\/\/agora.xtec.cat\/escolapaisoscatalans\/erasmus_2020\/presentacio-del-parc-de-la-mitjana\/","title":{"rendered":"Presentaci\u00f3 del parc de la Mitjana"},"content":{"rendered":"<p style=\"text-align: justify;\">Dins del projecte Erasmus+ KA229 &#8220;Green education in green environment&#8221;, en el qual participem, tenim com a objectiu principal el coneixement i la cura del nostre entorn proper a trav\u00e9s del treball amb un parc nacional. El parc triat per la nostra escola \u00e9s el que tenim m\u00e9s pr\u00f2xim i gaudim sovint d&#8217;ell: La Mitjana.<\/p>\n<p style=\"text-align: justify;\">El treball d&#8217;aquest parc ha estat emmarcat, a la vegada, dins del projecte transversal d&#8217;escola &#8220;ESPAIS VERDS DE LA NOSTRA CIUTAT&#8221; en el qual tots els alumnes del centre us han presentat un espai verd diferent de Lleida que hem visitat i treballat a fons. Aquest \u00e9s el producte\/resum de tota la feina realitzada entre tots i totes.<\/p>\n<p><img loading=\"lazy\" decoding=\"async\" class=\"size-full wp-image-19260 aligncenter\" src=\"https:\/\/agora.xtec.cat\/escolapaisoscatalans\/wp-content\/uploads\/usu491\/2021\/05\/1624893734583.jpg\" alt=\"\" width=\"336\" height=\"448\" srcset=\"https:\/\/agora.xtec.cat\/escolapaisoscatalans\/wp-content\/uploads\/usu491\/2021\/05\/1624893734583.jpg 336w, https:\/\/agora.xtec.cat\/escolapaisoscatalans\/wp-content\/uploads\/usu491\/2021\/05\/1624893734583-225x300.jpg 225w\" sizes=\"auto, (max-width: 336px) 100vw, 336px\" \/><\/p>\n<p><img loading=\"lazy\" decoding=\"async\" class=\"size-large wp-image-19261 aligncenter\" src=\"https:\/\/agora.xtec.cat\/escolapaisoscatalans\/wp-content\/uploads\/usu491\/2021\/05\/1624893734587.jpg\" alt=\"\" width=\"336\" height=\"448\" srcset=\"https:\/\/agora.xtec.cat\/escolapaisoscatalans\/wp-content\/uploads\/usu491\/2021\/05\/1624893734587.jpg 336w, https:\/\/agora.xtec.cat\/escolapaisoscatalans\/wp-content\/uploads\/usu491\/2021\/05\/1624893734587-225x300.jpg 225w\" sizes=\"auto, (max-width: 336px) 100vw, 336px\" \/><\/p>\n<p><img loading=\"lazy\" decoding=\"async\" class=\"size-large wp-image-19262 aligncenter\" src=\"https:\/\/agora.xtec.cat\/escolapaisoscatalans\/wp-content\/uploads\/usu491\/2021\/05\/1624893734591.jpg\" alt=\"\" width=\"448\" height=\"336\" srcset=\"https:\/\/agora.xtec.cat\/escolapaisoscatalans\/wp-content\/uploads\/usu491\/2021\/05\/1624893734591.jpg 448w, https:\/\/agora.xtec.cat\/escolapaisoscatalans\/wp-content\/uploads\/usu491\/2021\/05\/1624893734591-300x225.jpg 300w, https:\/\/agora.xtec.cat\/escolapaisoscatalans\/wp-content\/uploads\/usu491\/2021\/05\/1624893734591-200x150.jpg 200w\" sizes=\"auto, (max-width: 448px) 100vw, 448px\" \/><\/p>\n<p style=\"text-align: justify;\">L&#8217;alumnat de 6\u00e8 ha donat a con\u00e8ixer el parc natural de la Mitjana a trav\u00e9s del projecte transversal abans mencionat i ara el presenten a nivell internacional en angl\u00e8s.<\/p>\n<p><iframe loading=\"lazy\" title=\"La Mitjana presentation\" width=\"500\" height=\"281\" src=\"https:\/\/www.youtube.com\/embed\/0p7geCMu6OI?feature=oembed\" frameborder=\"0\" allow=\"accelerometer; autoplay; clipboard-write; encrypted-media; gyroscope; picture-in-picture; web-share\" referrerpolicy=\"strict-origin-when-cross-origin\" allowfullscreen><\/iframe><\/p>\n<p><iframe loading=\"lazy\" src=\"\/\/www.slideshare.net\/slideshow\/embed_code\/key\/JYCkPt0i8xsyi1\" width=\"595\" height=\"485\" frameborder=\"0\"> <\/iframe><\/p>\n<div style=\"margin-bottom: 5px;\"><strong> <a title=\"La mitjana documentary\" href=\"\/\/www.slideshare.net\/escolapaisoscatalans\/la-mitjana-documentary\" target=\"_blank\" rel=\"noopener noreferrer\">La mitjana documentary<\/a> <\/strong> from <strong><a href=\"https:\/\/www.slideshare.net\/escolapaisoscatalans\" target=\"_blank\" rel=\"noopener noreferrer\">Escola Pa\u00efsos Catalans<\/a><\/strong><\/div>\n<div><\/div>\n<div><\/div>\n<div><\/div>\n<div><\/div>\n","protected":false},"excerpt":{"rendered":"<p>Dins del projecte Erasmus+ KA229 &#8220;Green education in green environment&#8221;, en el qual participem, tenim com a objectiu principal el coneixement i la cura del nostre entorn proper a trav\u00e9s del treball amb un parc nacional. El parc triat per la nostra escola \u00e9s el&hellip;  <a href=\"https:\/\/agora.xtec.cat\/escolapaisoscatalans\/erasmus_2020\/presentacio-del-parc-de-la-mitjana\/\" title=\"Read Presentaci\u00f3 del parc de la Mitjana\">Llegeix m\u00e9s\u00bb<\/a><\/p>\n","protected":false},"author":7,"featured_media":0,"comment_status":"open","ping_status":"closed","sticky":false,"template":"","format":"standard","meta":{"_bbp_topic_count":0,"_bbp_reply_count":0,"_bbp_total_topic_count":0,"_bbp_total_reply_count":0,"_bbp_voice_count":0,"_bbp_anonymous_reply_count":0,"_bbp_topic_count_hidden":0,"_bbp_reply_count_hidden":0,"_bbp_forum_subforum_count":0,"footnotes":""},"categories":[246],"tags":[],"class_list":["post-18860","post","type-post","status-publish","format-standard","hentry","category-erasmus_2020"],"post_mailing_queue_ids":[],"_links":{"self":[{"href":"https:\/\/agora.xtec.cat\/escolapaisoscatalans\/wp-json\/wp\/v2\/posts\/18860","targetHints":{"allow":["GET"]}}],"collection":[{"href":"https:\/\/agora.xtec.cat\/escolapaisoscatalans\/wp-json\/wp\/v2\/posts"}],"about":[{"href":"https:\/\/agora.xtec.cat\/escolapaisoscatalans\/wp-json\/wp\/v2\/types\/post"}],"author":[{"embeddable":true,"href":"https:\/\/agora.xtec.cat\/escolapaisoscatalans\/wp-json\/wp\/v2\/users\/7"}],"replies":[{"embeddable":true,"href":"https:\/\/agora.xtec.cat\/escolapaisoscatalans\/wp-json\/wp\/v2\/comments?post=18860"}],"version-history":[{"count":3,"href":"https:\/\/agora.xtec.cat\/escolapaisoscatalans\/wp-json\/wp\/v2\/posts\/18860\/revisions"}],"predecessor-version":[{"id":19264,"href":"https:\/\/agora.xtec.cat\/escolapaisoscatalans\/wp-json\/wp\/v2\/posts\/18860\/revisions\/19264"}],"wp:attachment":[{"href":"https:\/\/agora.xtec.cat\/escolapaisoscatalans\/wp-json\/wp\/v2\/media?parent=18860"}],"wp:term":[{"taxonomy":"category","embeddable":true,"href":"https:\/\/agora.xtec.cat\/escolapaisoscatalans\/wp-json\/wp\/v2\/categories?post=18860"},{"taxonomy":"post_tag","embeddable":true,"href":"https:\/\/agora.xtec.cat\/escolapaisoscatalans\/wp-json\/wp\/v2\/tags?post=18860"}],"curies":[{"name":"wp","href":"https:\/\/api.w.org\/{rel}","templated":true}]}}