{"id":17301,"date":"2021-02-12T20:38:30","date_gmt":"2021-02-12T19:38:30","guid":{"rendered":"http:\/\/agora.xtec.cat\/escolapaisoscatalans\/?p=17301"},"modified":"2021-04-02T10:01:42","modified_gmt":"2021-04-02T08:01:42","slug":"presentacio-de-la-nostra-ciutat","status":"publish","type":"post","link":"https:\/\/agora.xtec.cat\/escolapaisoscatalans\/erasmus_2020\/presentacio-de-la-nostra-ciutat\/","title":{"rendered":"Presentaci\u00f3 de la nostra ciutat"},"content":{"rendered":"<p style=\"text-align: justify;\">Despr\u00e9s de presentar la nostra escola, el seg\u00fcent que hem de presentar \u00e9s la nostra ciutat, ja que en algun moment d&#8217;aquest projecte es convertir\u00e0 en ciutat acollidora d&#8217;alumnes d&#8217;altres nacionalitats quan ens visitin. Quina ciutat m\u00e9s bonica que tenim&#8230;<\/p>\n<p style=\"padding-left: 40px;\"><iframe loading=\"lazy\" src=\"https:\/\/player.vimeo.com\/video\/511734006\" width=\"640\" height=\"360\" frameborder=\"0\"><\/iframe><\/p>\n<p><a href=\"https:\/\/vimeo.com\/511734006\">presentacio lleida<\/a> from <a href=\"https:\/\/vimeo.com\/user48681765\">Escola Pa\u00efsos Catalans<\/a> on <a href=\"https:\/\/vimeo.com\">Vimeo<\/a>.<\/p>\n","protected":false},"excerpt":{"rendered":"<p>Despr\u00e9s de presentar la nostra escola, el seg\u00fcent que hem de presentar \u00e9s la nostra ciutat, ja que en algun moment d&#8217;aquest projecte es convertir\u00e0 en ciutat acollidora d&#8217;alumnes d&#8217;altres nacionalitats quan ens visitin. Quina ciutat m\u00e9s bonica que tenim&#8230;<\/p>\n<p><a href=\"https:\/\/vimeo.com\/511734006\">presentacio lleida<\/a> from <a href=\"https:\/\/vimeo.com\/user48681765\">Escola&hellip;  <a href=\"https:\/\/agora.xtec.cat\/escolapaisoscatalans\/erasmus_2020\/presentacio-de-la-nostra-ciutat\/\" title=\"Read Presentaci\u00f3 de la nostra ciutat\">Llegeix m\u00e9s\u00bb<\/a><\/p>\n","protected":false},"author":7,"featured_media":0,"comment_status":"open","ping_status":"closed","sticky":false,"template":"","format":"standard","meta":{"_bbp_topic_count":0,"_bbp_reply_count":0,"_bbp_total_topic_count":0,"_bbp_total_reply_count":0,"_bbp_voice_count":0,"_bbp_anonymous_reply_count":0,"_bbp_topic_count_hidden":0,"_bbp_reply_count_hidden":0,"_bbp_forum_subforum_count":0,"footnotes":""},"categories":[246],"tags":[],"class_list":["post-17301","post","type-post","status-publish","format-standard","hentry","category-erasmus_2020"],"post_mailing_queue_ids":[],"_links":{"self":[{"href":"https:\/\/agora.xtec.cat\/escolapaisoscatalans\/wp-json\/wp\/v2\/posts\/17301","targetHints":{"allow":["GET"]}}],"collection":[{"href":"https:\/\/agora.xtec.cat\/escolapaisoscatalans\/wp-json\/wp\/v2\/posts"}],"about":[{"href":"https:\/\/agora.xtec.cat\/escolapaisoscatalans\/wp-json\/wp\/v2\/types\/post"}],"author":[{"embeddable":true,"href":"https:\/\/agora.xtec.cat\/escolapaisoscatalans\/wp-json\/wp\/v2\/users\/7"}],"replies":[{"embeddable":true,"href":"https:\/\/agora.xtec.cat\/escolapaisoscatalans\/wp-json\/wp\/v2\/comments?post=17301"}],"version-history":[{"count":3,"href":"https:\/\/agora.xtec.cat\/escolapaisoscatalans\/wp-json\/wp\/v2\/posts\/17301\/revisions"}],"predecessor-version":[{"id":18079,"href":"https:\/\/agora.xtec.cat\/escolapaisoscatalans\/wp-json\/wp\/v2\/posts\/17301\/revisions\/18079"}],"wp:attachment":[{"href":"https:\/\/agora.xtec.cat\/escolapaisoscatalans\/wp-json\/wp\/v2\/media?parent=17301"}],"wp:term":[{"taxonomy":"category","embeddable":true,"href":"https:\/\/agora.xtec.cat\/escolapaisoscatalans\/wp-json\/wp\/v2\/categories?post=17301"},{"taxonomy":"post_tag","embeddable":true,"href":"https:\/\/agora.xtec.cat\/escolapaisoscatalans\/wp-json\/wp\/v2\/tags?post=17301"}],"curies":[{"name":"wp","href":"https:\/\/api.w.org\/{rel}","templated":true}]}}