{"id":17187,"date":"2021-02-04T10:28:17","date_gmt":"2021-02-04T09:28:17","guid":{"rendered":"http:\/\/agora.xtec.cat\/escolapaisoscatalans\/?p=17187"},"modified":"2022-08-25T09:06:10","modified_gmt":"2022-08-25T07:06:10","slug":"logo-definitiu-de-lassociacio","status":"publish","type":"post","link":"https:\/\/agora.xtec.cat\/escolapaisoscatalans\/erasmus_2020\/logo-definitiu-de-lassociacio\/","title":{"rendered":"Logo definitiu de l&#8217;associaci\u00f3"},"content":{"rendered":"<p style=\"text-align: justify;\">Despr\u00e9s de les votacions a les diferents escoles de Bulg\u00e0ria, Espanya\/ Catalunya, It\u00e0lia, Pol\u00f2nia, Portugal i\u00a0 Turquia, el resultat \u00e9s que el LOGO guanyador i que representar\u00e0 al projecte <strong><span style=\"color: #0000ff;\">Erasmus+ KA229<\/span> <span style=\"color: #008000;\">GREEN EDUCATION IN GREEN ENVIRONMENT<\/span><\/strong> en tots els documents, publicacions, productes i que &#8220;viatjar\u00e0 pel m\u00f3n&#8221;, ser\u00e0 el realitzat a la nostra escola!!<\/p>\n<p style=\"text-align: justify;\"><strong><span style=\"color: #800080;\">Congratulations Ada<\/span> (4t A)!\ud83d\udc4f\ud83d\udc4f\ud83d\udc4f\ud83d\udc4f\ud83d\udc4f<\/strong><\/p>\n<p><img loading=\"lazy\" decoding=\"async\" class=\"aligncenter wp-image-17182 size-full\" src=\"https:\/\/agora.xtec.cat\/escolapaisoscatalans\/wp-content\/uploads\/usu491\/2021\/02\/SP-copia.jpg\" alt=\"\" width=\"448\" height=\"289\" srcset=\"https:\/\/agora.xtec.cat\/escolapaisoscatalans\/wp-content\/uploads\/usu491\/2021\/02\/SP-copia.jpg 448w, https:\/\/agora.xtec.cat\/escolapaisoscatalans\/wp-content\/uploads\/usu491\/2021\/02\/SP-copia-300x194.jpg 300w\" sizes=\"auto, (max-width: 448px) 100vw, 448px\" \/><\/p>\n","protected":false},"excerpt":{"rendered":"<p>Despr\u00e9s de les votacions a les diferents escoles de Bulg\u00e0ria, Espanya\/ Catalunya, It\u00e0lia, Pol\u00f2nia, Portugal i\u00a0 Turquia, el resultat \u00e9s que el LOGO guanyador i que representar\u00e0 al projecte Erasmus+ KA229 GREEN EDUCATION IN GREEN ENVIRONMENT en tots els documents, publicacions, productes i que &#8220;viatjar\u00e0&hellip;  <a href=\"https:\/\/agora.xtec.cat\/escolapaisoscatalans\/erasmus_2020\/logo-definitiu-de-lassociacio\/\" title=\"Read Logo definitiu de l&#8217;associaci\u00f3\">Llegeix m\u00e9s\u00bb<\/a><\/p>\n","protected":false},"author":7,"featured_media":17182,"comment_status":"open","ping_status":"closed","sticky":false,"template":"","format":"standard","meta":{"_bbp_topic_count":0,"_bbp_reply_count":0,"_bbp_total_topic_count":0,"_bbp_total_reply_count":0,"_bbp_voice_count":0,"_bbp_anonymous_reply_count":0,"_bbp_topic_count_hidden":0,"_bbp_reply_count_hidden":0,"_bbp_forum_subforum_count":0,"footnotes":""},"categories":[246],"tags":[],"class_list":["post-17187","post","type-post","status-publish","format-standard","has-post-thumbnail","hentry","category-erasmus_2020"],"post_mailing_queue_ids":[],"_links":{"self":[{"href":"https:\/\/agora.xtec.cat\/escolapaisoscatalans\/wp-json\/wp\/v2\/posts\/17187","targetHints":{"allow":["GET"]}}],"collection":[{"href":"https:\/\/agora.xtec.cat\/escolapaisoscatalans\/wp-json\/wp\/v2\/posts"}],"about":[{"href":"https:\/\/agora.xtec.cat\/escolapaisoscatalans\/wp-json\/wp\/v2\/types\/post"}],"author":[{"embeddable":true,"href":"https:\/\/agora.xtec.cat\/escolapaisoscatalans\/wp-json\/wp\/v2\/users\/7"}],"replies":[{"embeddable":true,"href":"https:\/\/agora.xtec.cat\/escolapaisoscatalans\/wp-json\/wp\/v2\/comments?post=17187"}],"version-history":[{"count":3,"href":"https:\/\/agora.xtec.cat\/escolapaisoscatalans\/wp-json\/wp\/v2\/posts\/17187\/revisions"}],"predecessor-version":[{"id":17239,"href":"https:\/\/agora.xtec.cat\/escolapaisoscatalans\/wp-json\/wp\/v2\/posts\/17187\/revisions\/17239"}],"wp:featuredmedia":[{"embeddable":true,"href":"https:\/\/agora.xtec.cat\/escolapaisoscatalans\/wp-json\/wp\/v2\/media\/17182"}],"wp:attachment":[{"href":"https:\/\/agora.xtec.cat\/escolapaisoscatalans\/wp-json\/wp\/v2\/media?parent=17187"}],"wp:term":[{"taxonomy":"category","embeddable":true,"href":"https:\/\/agora.xtec.cat\/escolapaisoscatalans\/wp-json\/wp\/v2\/categories?post=17187"},{"taxonomy":"post_tag","embeddable":true,"href":"https:\/\/agora.xtec.cat\/escolapaisoscatalans\/wp-json\/wp\/v2\/tags?post=17187"}],"curies":[{"name":"wp","href":"https:\/\/api.w.org\/{rel}","templated":true}]}}