{"id":16905,"date":"2021-01-10T21:23:26","date_gmt":"2021-01-10T20:23:26","guid":{"rendered":"http:\/\/agora.xtec.cat\/escolapaisoscatalans\/?p=16905"},"modified":"2021-02-09T11:26:29","modified_gmt":"2021-02-09T10:26:29","slug":"logo-election","status":"publish","type":"post","link":"https:\/\/agora.xtec.cat\/escolapaisoscatalans\/erasmus_2020\/logo-election\/","title":{"rendered":"Logo Election"},"content":{"rendered":"<p style=\"text-align: justify;\">Amb l&#8217;arribada del nou curs escolar, comencem nou projecte <span style=\"color: #008000;\"><strong>&#8220;Green education in Green environment&#8221;<\/strong><\/span>. En aquest treballarem conjuntament amb altres cinc escoles de Sofia (Bulg\u00e0ria), Portici (It\u00e0lia), L\u00f3dz (Pol\u00f2nia), Mangualde (Portugal) i d&#8217;Istambul (Turquia) sobre el tema de l&#8217;<span style=\"color: #008000;\"><strong>educaci\u00f3 mediambiental i la cura del medi ambient<\/strong><\/span>, focalitzant-nos en el coneixement i cura d&#8217;un dels parcs de la nostra ciutat, La Mitjana.<\/p>\n<p style=\"text-align: justify;\">La primera tasca a fer a l&#8217;escola \u00e9s el disseny del Logo que definir\u00e0 el projecte, dibuix que ha de contenir tota la informaci\u00f3 del tema a treballar en un dibuix.<\/p>\n<p style=\"text-align: justify;\">Gaudiu del proc\u00e9s de creaci\u00f3 i podreu descobrir qui ha guanyat i ens representar\u00e0 a l&#8217;associaci\u00f3!!!<\/p>\n<p><iframe loading=\"lazy\" src=\"https:\/\/player.vimeo.com\/video\/498978039\" width=\"640\" height=\"361\" frameborder=\"0\"><span data-mce-type=\"bookmark\" style=\"display: inline-block; width: 0px; overflow: hidden; line-height: 0;\" class=\"mce_SELRES_start\">\ufeff<\/span><\/iframe><\/p>\n<p><a href=\"https:\/\/vimeo.com\/498978039\">Erasmus 2020: Logo election<\/a> from <a href=\"https:\/\/vimeo.com\/user58991344\">Escola Pa\u00efsos Catalans 5<\/a> on <a href=\"https:\/\/vimeo.com\">Vimeo<\/a>.<\/p>\n<p><img loading=\"lazy\" decoding=\"async\" class=\"aligncenter wp-image-16906 size-full\" src=\"https:\/\/agora.xtec.cat\/escolapaisoscatalans\/wp-content\/uploads\/usu491\/2021\/01\/SP-copia.jpg\" alt=\"\" width=\"448\" height=\"289\" srcset=\"https:\/\/agora.xtec.cat\/escolapaisoscatalans\/wp-content\/uploads\/usu491\/2021\/01\/SP-copia.jpg 448w, https:\/\/agora.xtec.cat\/escolapaisoscatalans\/wp-content\/uploads\/usu491\/2021\/01\/SP-copia-300x194.jpg 300w\" sizes=\"auto, (max-width: 448px) 100vw, 448px\" \/><\/p>\n","protected":false},"excerpt":{"rendered":"<p>Amb l&#8217;arribada del nou curs escolar, comencem nou projecte &#8220;Green education in Green environment&#8221;. En aquest treballarem conjuntament amb altres cinc escoles de Sofia (Bulg\u00e0ria), Portici (It\u00e0lia), L\u00f3dz (Pol\u00f2nia), Mangualde (Portugal) i d&#8217;Istambul (Turquia) sobre el tema de l&#8217;educaci\u00f3 mediambiental i la cura del medi&hellip;  <a href=\"https:\/\/agora.xtec.cat\/escolapaisoscatalans\/erasmus_2020\/logo-election\/\" title=\"Read Logo Election\">Llegeix m\u00e9s\u00bb<\/a><\/p>\n","protected":false},"author":7,"featured_media":0,"comment_status":"open","ping_status":"closed","sticky":false,"template":"","format":"standard","meta":{"_bbp_topic_count":0,"_bbp_reply_count":0,"_bbp_total_topic_count":0,"_bbp_total_reply_count":0,"_bbp_voice_count":0,"_bbp_anonymous_reply_count":0,"_bbp_topic_count_hidden":0,"_bbp_reply_count_hidden":0,"_bbp_forum_subforum_count":0,"footnotes":""},"categories":[246],"tags":[],"class_list":["post-16905","post","type-post","status-publish","format-standard","hentry","category-erasmus_2020"],"post_mailing_queue_ids":[],"_links":{"self":[{"href":"https:\/\/agora.xtec.cat\/escolapaisoscatalans\/wp-json\/wp\/v2\/posts\/16905","targetHints":{"allow":["GET"]}}],"collection":[{"href":"https:\/\/agora.xtec.cat\/escolapaisoscatalans\/wp-json\/wp\/v2\/posts"}],"about":[{"href":"https:\/\/agora.xtec.cat\/escolapaisoscatalans\/wp-json\/wp\/v2\/types\/post"}],"author":[{"embeddable":true,"href":"https:\/\/agora.xtec.cat\/escolapaisoscatalans\/wp-json\/wp\/v2\/users\/7"}],"replies":[{"embeddable":true,"href":"https:\/\/agora.xtec.cat\/escolapaisoscatalans\/wp-json\/wp\/v2\/comments?post=16905"}],"version-history":[{"count":3,"href":"https:\/\/agora.xtec.cat\/escolapaisoscatalans\/wp-json\/wp\/v2\/posts\/16905\/revisions"}],"predecessor-version":[{"id":17257,"href":"https:\/\/agora.xtec.cat\/escolapaisoscatalans\/wp-json\/wp\/v2\/posts\/16905\/revisions\/17257"}],"wp:attachment":[{"href":"https:\/\/agora.xtec.cat\/escolapaisoscatalans\/wp-json\/wp\/v2\/media?parent=16905"}],"wp:term":[{"taxonomy":"category","embeddable":true,"href":"https:\/\/agora.xtec.cat\/escolapaisoscatalans\/wp-json\/wp\/v2\/categories?post=16905"},{"taxonomy":"post_tag","embeddable":true,"href":"https:\/\/agora.xtec.cat\/escolapaisoscatalans\/wp-json\/wp\/v2\/tags?post=16905"}],"curies":[{"name":"wp","href":"https:\/\/api.w.org\/{rel}","templated":true}]}}