{"id":9973,"date":"2025-05-06T12:12:34","date_gmt":"2025-05-06T10:12:34","guid":{"rendered":"https:\/\/agora.xtec.cat\/escolapacocandel\/?p=9973"},"modified":"2025-05-09T12:29:27","modified_gmt":"2025-05-09T10:29:27","slug":"thats-a-musical-6e","status":"publish","type":"post","link":"https:\/\/agora.xtec.cat\/escolapacocandel\/comunitat-de-grans\/6e\/thats-a-musical-6e\/","title":{"rendered":"That&#8217;s a musical 6\u00e8"},"content":{"rendered":"<p>El passat 11 d\u2019abril, l\u2019alumnat de 6\u00e8 va gaudir d\u2019una sortida molt especial al Caixaforum de Barcelona, on van assistir a l\u2019espectacle That\u2019s a Musical. L\u2019activitat va ser una immersi\u00f3 en el m\u00f3n del teatre musical, amb interpretacions en directe, coreografies plenes d\u2019energia i una posada en escena que va captivar a tothom.<\/p>\n<p>Despr\u00e9s de l\u2019espectacle, vam aprofitar el bon temps per esmorzar i jugar al parc de la Font M\u00e0gica de Montju\u00efc. Va ser una estona de conviv\u00e8ncia i diversi\u00f3, en un entorn emblem\u00e0tic de la ciutat.<\/p>\n<p>Per poder veure l&#8217;\u00e0lbum de fotografies, podeu entrar al seg\u00fcent enlla\u00e7:<\/p>\n<p><a href=\"https:\/\/agora.xtec.cat\/escolapacocandel\/fotos-privat\/fotos-thats-a-musical\/\" target=\"_blank\" rel=\"noopener\">\u00c0LBUM DE FOTOGRAFIES<\/a><\/p>\n","protected":false},"excerpt":{"rendered":"<p>El passat 11 d\u2019abril, l\u2019alumnat de 6\u00e8 va gaudir d\u2019una sortida molt especial al Caixaforum de Barcelona, on van assistir a l\u2019espectacle That\u2019s a Musical. L\u2019activitat va ser una immersi\u00f3 en el m\u00f3n del teatre musical, amb interpretacions en directe, coreografies plenes d\u2019energia i una&hellip;  <a href=\"https:\/\/agora.xtec.cat\/escolapacocandel\/comunitat-de-grans\/6e\/thats-a-musical-6e\/\" title=\"Read That&#8217;s a musical 6\u00e8\">Llegeix m\u00e9s\u00bb<\/a><\/p>\n","protected":false},"author":65,"featured_media":9977,"comment_status":"open","ping_status":"closed","sticky":false,"template":"","format":"standard","meta":{"_bbp_topic_count":0,"_bbp_reply_count":0,"_bbp_total_topic_count":0,"_bbp_total_reply_count":0,"_bbp_voice_count":0,"_bbp_anonymous_reply_count":0,"_bbp_topic_count_hidden":0,"_bbp_reply_count_hidden":0,"_bbp_forum_subforum_count":0,"footnotes":""},"categories":[146],"tags":[],"class_list":["post-9973","post","type-post","status-publish","format-standard","has-post-thumbnail","hentry","category-6e"],"post_mailing_queue_ids":[],"_links":{"self":[{"href":"https:\/\/agora.xtec.cat\/escolapacocandel\/wp-json\/wp\/v2\/posts\/9973","targetHints":{"allow":["GET"]}}],"collection":[{"href":"https:\/\/agora.xtec.cat\/escolapacocandel\/wp-json\/wp\/v2\/posts"}],"about":[{"href":"https:\/\/agora.xtec.cat\/escolapacocandel\/wp-json\/wp\/v2\/types\/post"}],"author":[{"embeddable":true,"href":"https:\/\/agora.xtec.cat\/escolapacocandel\/wp-json\/wp\/v2\/users\/65"}],"replies":[{"embeddable":true,"href":"https:\/\/agora.xtec.cat\/escolapacocandel\/wp-json\/wp\/v2\/comments?post=9973"}],"version-history":[{"count":4,"href":"https:\/\/agora.xtec.cat\/escolapacocandel\/wp-json\/wp\/v2\/posts\/9973\/revisions"}],"predecessor-version":[{"id":9987,"href":"https:\/\/agora.xtec.cat\/escolapacocandel\/wp-json\/wp\/v2\/posts\/9973\/revisions\/9987"}],"wp:featuredmedia":[{"embeddable":true,"href":"https:\/\/agora.xtec.cat\/escolapacocandel\/wp-json\/wp\/v2\/media\/9977"}],"wp:attachment":[{"href":"https:\/\/agora.xtec.cat\/escolapacocandel\/wp-json\/wp\/v2\/media?parent=9973"}],"wp:term":[{"taxonomy":"category","embeddable":true,"href":"https:\/\/agora.xtec.cat\/escolapacocandel\/wp-json\/wp\/v2\/categories?post=9973"},{"taxonomy":"post_tag","embeddable":true,"href":"https:\/\/agora.xtec.cat\/escolapacocandel\/wp-json\/wp\/v2\/tags?post=9973"}],"curies":[{"name":"wp","href":"https:\/\/api.w.org\/{rel}","templated":true}]}}