{"id":9967,"date":"2025-05-09T12:27:08","date_gmt":"2025-05-09T10:27:08","guid":{"rendered":"https:\/\/agora.xtec.cat\/escolapacocandel\/?p=9967"},"modified":"2025-05-09T12:28:08","modified_gmt":"2025-05-09T10:28:08","slug":"colonies-a-la-garrotxa-6e","status":"publish","type":"post","link":"https:\/\/agora.xtec.cat\/escolapacocandel\/comunitat-de-grans\/6e\/colonies-a-la-garrotxa-6e\/","title":{"rendered":"COL\u00d2NIES A LA GARROTXA 6\u00e8"},"content":{"rendered":"<p><strong>Aventura, diversi\u00f3 i amistat a la Garrotxa!<\/strong><\/p>\n<p>L&#8217;alumnat de 6\u00e8 ha viscut una experi\u00e8ncia \u00fanica durant les seves col\u00f2nies a la Garrotxa. Han estat uns dies plens d\u2019activitats, emocions i molts moments per recordar!<\/p>\n<p>L\u2019aventura ens ha portat a gaudir amb una espectacular tirolina que va fer pujar l\u2019adrenalina de tothom, l\u2019acci\u00f3 va amb els karts i l\u2019ecocarting, una manera divertida de posar a prova les habilitats al volant. I, per les persones m\u00e9s exploradores, la cursa d\u2019orientaci\u00f3 que va ser tot un repte de superaci\u00f3 personal, per treballar en equip i descobrir l\u2019entorn.<\/p>\n<p>Per\u00f2 no tot ha estat esport i natura! Tamb\u00e9 hi ha hagut temps per relaxar-se i passar-ho d\u2019all\u00f2 m\u00e9s b\u00e9. La piscina ha estat el lloc ideal per refrescar-se, i la festa de l\u2019escuma una aut\u00e8ntica explosi\u00f3 d\u2019alegria i rialles. Les nits han tingut el seu encant amb una discoteca molt especial, on ballar i celebrar l\u2019amistat ha estat el millor pla per acabar el dia.<\/p>\n<p>No ens oblidem de l\u2019energia que ens ha donat la cuina! Amb esmorzars, dinars i sopars ben complets, hem carregat piles per aprofitar cada moment al m\u00e0xim.<\/p>\n<p>Aquestes col\u00f2nies han estat molt m\u00e9s que unes simples sortides: han estat dies de conviv\u00e8ncia, aprenentatge i molts somriures. Un comiat perfecte per aquesta etapa que s\u2019acaba, i una empenta plena d\u2019il\u00b7lusi\u00f3 que est\u00e0 a punt de comen\u00e7ar.<\/p>\n<p>Per veure l&#8217;\u00e0lbum de fotografies, feu un clic al seg\u00fcent enlla\u00e7:\u00a0<a href=\"https:\/\/agora.xtec.cat\/escolapacocandel\/general\/fotos-colonies-6e-3\/\" target=\"_blank\" rel=\"noopener\">\u00c0LBUM DE FOTOGRAFIES<\/a><\/p>\n<p>&nbsp;<\/p>\n","protected":false},"excerpt":{"rendered":"<p>Aventura, diversi\u00f3 i amistat a la Garrotxa!<br \/>\nL&#8217;alumnat de 6\u00e8 ha viscut una experi\u00e8ncia \u00fanica durant les seves col\u00f2nies a la Garrotxa. Han estat uns dies plens d\u2019activitats, emocions i molts moments per recordar!<br \/>\nL\u2019aventura ens ha portat a gaudir amb una espectacular tirolina que va fer&hellip;  <a href=\"https:\/\/agora.xtec.cat\/escolapacocandel\/comunitat-de-grans\/6e\/colonies-a-la-garrotxa-6e\/\" title=\"Read COL\u00d2NIES A LA GARROTXA 6\u00e8\">Llegeix m\u00e9s\u00bb<\/a><\/p>\n","protected":false},"author":65,"featured_media":9968,"comment_status":"open","ping_status":"closed","sticky":false,"template":"","format":"standard","meta":{"_bbp_topic_count":0,"_bbp_reply_count":0,"_bbp_total_topic_count":0,"_bbp_total_reply_count":0,"_bbp_voice_count":0,"_bbp_anonymous_reply_count":0,"_bbp_topic_count_hidden":0,"_bbp_reply_count_hidden":0,"_bbp_forum_subforum_count":0,"footnotes":""},"categories":[146],"tags":[125,202,203],"class_list":["post-9967","post","type-post","status-publish","format-standard","has-post-thumbnail","hentry","category-6e","tag-colonies","tag-comunitatdegrans","tag-escolapacocandel"],"post_mailing_queue_ids":[],"_links":{"self":[{"href":"https:\/\/agora.xtec.cat\/escolapacocandel\/wp-json\/wp\/v2\/posts\/9967","targetHints":{"allow":["GET"]}}],"collection":[{"href":"https:\/\/agora.xtec.cat\/escolapacocandel\/wp-json\/wp\/v2\/posts"}],"about":[{"href":"https:\/\/agora.xtec.cat\/escolapacocandel\/wp-json\/wp\/v2\/types\/post"}],"author":[{"embeddable":true,"href":"https:\/\/agora.xtec.cat\/escolapacocandel\/wp-json\/wp\/v2\/users\/65"}],"replies":[{"embeddable":true,"href":"https:\/\/agora.xtec.cat\/escolapacocandel\/wp-json\/wp\/v2\/comments?post=9967"}],"version-history":[{"count":3,"href":"https:\/\/agora.xtec.cat\/escolapacocandel\/wp-json\/wp\/v2\/posts\/9967\/revisions"}],"predecessor-version":[{"id":9986,"href":"https:\/\/agora.xtec.cat\/escolapacocandel\/wp-json\/wp\/v2\/posts\/9967\/revisions\/9986"}],"wp:featuredmedia":[{"embeddable":true,"href":"https:\/\/agora.xtec.cat\/escolapacocandel\/wp-json\/wp\/v2\/media\/9968"}],"wp:attachment":[{"href":"https:\/\/agora.xtec.cat\/escolapacocandel\/wp-json\/wp\/v2\/media?parent=9967"}],"wp:term":[{"taxonomy":"category","embeddable":true,"href":"https:\/\/agora.xtec.cat\/escolapacocandel\/wp-json\/wp\/v2\/categories?post=9967"},{"taxonomy":"post_tag","embeddable":true,"href":"https:\/\/agora.xtec.cat\/escolapacocandel\/wp-json\/wp\/v2\/tags?post=9967"}],"curies":[{"name":"wp","href":"https:\/\/api.w.org\/{rel}","templated":true}]}}