{"id":9957,"date":"2025-05-06T12:58:22","date_gmt":"2025-05-06T10:58:22","guid":{"rendered":"https:\/\/agora.xtec.cat\/escolapacocandel\/?p=9957"},"modified":"2025-05-06T12:58:22","modified_gmt":"2025-05-06T10:58:22","slug":"sortida-circ-cric","status":"publish","type":"post","link":"https:\/\/agora.xtec.cat\/escolapacocandel\/comunitat-de-petits\/5-anys\/sortida-circ-cric\/","title":{"rendered":"Sortida Circ Cric"},"content":{"rendered":"<p>Els infants d&#8217;I5 van viure una jornada plena d\u2019emocions i descobertes en la seva excursi\u00f3 a Sant Esteve de Palautordera. Vam gaudir de la natura en un entorn privilegiat, envoltats d\u2019arbres, d&#8217;un riu i d&#8217;aire pur. El contacte directe amb l&#8217;entorn natural va despertar la curiositat i l&#8217;entusiasme dels m\u00e9s petits, que van explorar, jugar i observar amb ulls ben oberts.<\/p>\n<p>El plat fort del dia va ser la visita al\u00a0<strong>Circ Cric<\/strong>, un espectacle que ens va captivar de principi a fi. Ens vam endinsar en un m\u00f3n de m\u00e0gia i fantasia amb funcions de malabars espectaculars, acrob\u00e0cies sorprenents i acudits que no van deixar ning\u00fa indiferent. El riure i l\u2019admiraci\u00f3 eren presents a cada instant: cares il\u00b7luminades, ulls brillants i boques obertes davant les habilitats dels artistes.<\/p>\n<p>Va ser una experi\u00e8ncia inoblidable, plena de moments compartits que quedaran gravats a la mem\u00f2ria dels infants. Un dia que combina natura, cultura i diversi\u00f3 sempre \u00e9s un dia ben aprofitat!<\/p>\n<p>&nbsp;<\/p>\n<p>&nbsp;<\/p>\n<p>&nbsp;<\/p>\n<blockquote class=\"wp-embedded-content\" data-secret=\"Bw6FwEZHAQ\"><p><a href=\"https:\/\/agora.xtec.cat\/escolapacocandel\/fotos-privat\/fotos-2\/\">Fotos<\/a><\/p><\/blockquote>\n<p><iframe loading=\"lazy\" class=\"wp-embedded-content\" sandbox=\"allow-scripts\" security=\"restricted\" style=\"position: absolute; clip: rect(1px, 1px, 1px, 1px);\" title=\"&#8220;Fotos&#8221; &#8212; Escola Paco Candel\" src=\"https:\/\/agora.xtec.cat\/escolapacocandel\/fotos-privat\/fotos-2\/embed\/#?secret=8VZHctYlR8#?secret=Bw6FwEZHAQ\" data-secret=\"Bw6FwEZHAQ\" width=\"500\" height=\"282\" frameborder=\"0\" marginwidth=\"0\" marginheight=\"0\" scrolling=\"no\"><\/iframe><\/p>\n","protected":false},"excerpt":{"rendered":"<p>Els infants d&#8217;I5 van viure una jornada plena d\u2019emocions i descobertes en la seva excursi\u00f3 a Sant Esteve de Palautordera. Vam gaudir de la natura en un entorn privilegiat, envoltats d\u2019arbres, d&#8217;un riu i d&#8217;aire pur. El contacte directe amb l&#8217;entorn natural va despertar la&hellip;  <a href=\"https:\/\/agora.xtec.cat\/escolapacocandel\/comunitat-de-petits\/5-anys\/sortida-circ-cric\/\" title=\"Read Sortida Circ Cric\">Llegeix m\u00e9s\u00bb<\/a><\/p>\n","protected":false},"author":25,"featured_media":0,"comment_status":"open","ping_status":"closed","sticky":false,"template":"","format":"standard","meta":{"_bbp_topic_count":0,"_bbp_reply_count":0,"_bbp_total_topic_count":0,"_bbp_total_reply_count":0,"_bbp_voice_count":0,"_bbp_anonymous_reply_count":0,"_bbp_topic_count_hidden":0,"_bbp_reply_count_hidden":0,"_bbp_forum_subforum_count":0,"footnotes":""},"categories":[196],"tags":[],"class_list":["post-9957","post","type-post","status-publish","format-standard","hentry","category-5-anys"],"post_mailing_queue_ids":[],"_links":{"self":[{"href":"https:\/\/agora.xtec.cat\/escolapacocandel\/wp-json\/wp\/v2\/posts\/9957","targetHints":{"allow":["GET"]}}],"collection":[{"href":"https:\/\/agora.xtec.cat\/escolapacocandel\/wp-json\/wp\/v2\/posts"}],"about":[{"href":"https:\/\/agora.xtec.cat\/escolapacocandel\/wp-json\/wp\/v2\/types\/post"}],"author":[{"embeddable":true,"href":"https:\/\/agora.xtec.cat\/escolapacocandel\/wp-json\/wp\/v2\/users\/25"}],"replies":[{"embeddable":true,"href":"https:\/\/agora.xtec.cat\/escolapacocandel\/wp-json\/wp\/v2\/comments?post=9957"}],"version-history":[{"count":1,"href":"https:\/\/agora.xtec.cat\/escolapacocandel\/wp-json\/wp\/v2\/posts\/9957\/revisions"}],"predecessor-version":[{"id":9958,"href":"https:\/\/agora.xtec.cat\/escolapacocandel\/wp-json\/wp\/v2\/posts\/9957\/revisions\/9958"}],"wp:attachment":[{"href":"https:\/\/agora.xtec.cat\/escolapacocandel\/wp-json\/wp\/v2\/media?parent=9957"}],"wp:term":[{"taxonomy":"category","embeddable":true,"href":"https:\/\/agora.xtec.cat\/escolapacocandel\/wp-json\/wp\/v2\/categories?post=9957"},{"taxonomy":"post_tag","embeddable":true,"href":"https:\/\/agora.xtec.cat\/escolapacocandel\/wp-json\/wp\/v2\/tags?post=9957"}],"curies":[{"name":"wp","href":"https:\/\/api.w.org\/{rel}","templated":true}]}}