{"id":9952,"date":"2025-05-07T10:09:59","date_gmt":"2025-05-07T08:09:59","guid":{"rendered":"https:\/\/agora.xtec.cat\/escolapacocandel\/?p=9952"},"modified":"2025-05-07T10:12:27","modified_gmt":"2025-05-07T08:12:27","slug":"i3-sortida-al-palau-de-la-musica","status":"publish","type":"post","link":"https:\/\/agora.xtec.cat\/escolapacocandel\/comunitat-de-petits\/i3-sortida-al-palau-de-la-musica\/","title":{"rendered":"I3 SORTIDA AL PALAU DE LA M\u00daSICA"},"content":{"rendered":"<p class=\"\" data-start=\"59\" data-end=\"400\">El darrer dilluns 5 de maig els nens i les nenes dels grups de tres anys van fer una sortida al Palau de la M\u00fasica Catalana. Van poder con\u00e8ixer i descobrir can\u00e7ons, jocs i dites de tradici\u00f3 anglesa i alhora gaudir del repertori tradicional catal\u00e0 en un format ac\u00fastic acompanyat de danses i llums. Un concert \u00edntim i proper que va atreure la seva atenci\u00f3 i del que van gaudir molt.<\/p>\n<p class=\"\" data-start=\"402\" data-end=\"914\">Despr\u00e9s de l&#8217;espectacle, aprofitant el bon dia, van passejar pels carrers de Barcelona i van anar a dinar a un parc. Despr\u00e9s de dinar, encara van tenir temps per jugar i gaudir de les diferents propostes que trobaven a l&#8217;espai.<\/p>\n<p data-start=\"402\" data-end=\"914\">Aqu\u00ed us deixem un tastet de les fotos:<\/p>\n<blockquote class=\"wp-embedded-content\" data-secret=\"vTdJJjstYM\"><p><a href=\"https:\/\/agora.xtec.cat\/escolapacocandel\/fotos-privat\/i3-fotos-sortida-palau-de-la-musica\/\">I3 FOTOS SORTIDA PALAU DE LA M\u00daSICA<\/a><\/p><\/blockquote>\n<p><iframe loading=\"lazy\" class=\"wp-embedded-content\" sandbox=\"allow-scripts\" security=\"restricted\" style=\"position: absolute; clip: rect(1px, 1px, 1px, 1px);\" title=\"&#8220;I3 FOTOS SORTIDA PALAU DE LA M\u00daSICA&#8221; &#8212; Escola Paco Candel\" src=\"https:\/\/agora.xtec.cat\/escolapacocandel\/fotos-privat\/i3-fotos-sortida-palau-de-la-musica\/embed\/#?secret=lCmzIaVfoX#?secret=vTdJJjstYM\" data-secret=\"vTdJJjstYM\" width=\"500\" height=\"282\" frameborder=\"0\" marginwidth=\"0\" marginheight=\"0\" scrolling=\"no\"><\/iframe><\/p>\n","protected":false},"excerpt":{"rendered":"<p>El darrer dilluns 5 de maig els nens i les nenes dels grups de tres anys van fer una sortida al Palau de la M\u00fasica Catalana. Van poder con\u00e8ixer i descobrir can\u00e7ons, jocs i dites de tradici\u00f3 anglesa i alhora gaudir del repertori tradicional catal\u00e0&hellip;  <a href=\"https:\/\/agora.xtec.cat\/escolapacocandel\/comunitat-de-petits\/i3-sortida-al-palau-de-la-musica\/\" title=\"Read I3 SORTIDA AL PALAU DE LA M\u00daSICA\">Llegeix m\u00e9s\u00bb<\/a><\/p>\n","protected":false},"author":60,"featured_media":9965,"comment_status":"open","ping_status":"closed","sticky":false,"template":"","format":"standard","meta":{"_bbp_topic_count":0,"_bbp_reply_count":0,"_bbp_total_topic_count":0,"_bbp_total_reply_count":0,"_bbp_voice_count":0,"_bbp_anonymous_reply_count":0,"_bbp_topic_count_hidden":0,"_bbp_reply_count_hidden":0,"_bbp_forum_subforum_count":0,"footnotes":""},"categories":[182,128],"tags":[210,92],"class_list":["post-9952","post","type-post","status-publish","format-standard","has-post-thumbnail","hentry","category-3-anys","category-comunitat-de-petits","tag-comunitatdepetites","tag-sortides"],"post_mailing_queue_ids":[],"_links":{"self":[{"href":"https:\/\/agora.xtec.cat\/escolapacocandel\/wp-json\/wp\/v2\/posts\/9952","targetHints":{"allow":["GET"]}}],"collection":[{"href":"https:\/\/agora.xtec.cat\/escolapacocandel\/wp-json\/wp\/v2\/posts"}],"about":[{"href":"https:\/\/agora.xtec.cat\/escolapacocandel\/wp-json\/wp\/v2\/types\/post"}],"author":[{"embeddable":true,"href":"https:\/\/agora.xtec.cat\/escolapacocandel\/wp-json\/wp\/v2\/users\/60"}],"replies":[{"embeddable":true,"href":"https:\/\/agora.xtec.cat\/escolapacocandel\/wp-json\/wp\/v2\/comments?post=9952"}],"version-history":[{"count":3,"href":"https:\/\/agora.xtec.cat\/escolapacocandel\/wp-json\/wp\/v2\/posts\/9952\/revisions"}],"predecessor-version":[{"id":9966,"href":"https:\/\/agora.xtec.cat\/escolapacocandel\/wp-json\/wp\/v2\/posts\/9952\/revisions\/9966"}],"wp:featuredmedia":[{"embeddable":true,"href":"https:\/\/agora.xtec.cat\/escolapacocandel\/wp-json\/wp\/v2\/media\/9965"}],"wp:attachment":[{"href":"https:\/\/agora.xtec.cat\/escolapacocandel\/wp-json\/wp\/v2\/media?parent=9952"}],"wp:term":[{"taxonomy":"category","embeddable":true,"href":"https:\/\/agora.xtec.cat\/escolapacocandel\/wp-json\/wp\/v2\/categories?post=9952"},{"taxonomy":"post_tag","embeddable":true,"href":"https:\/\/agora.xtec.cat\/escolapacocandel\/wp-json\/wp\/v2\/tags?post=9952"}],"curies":[{"name":"wp","href":"https:\/\/api.w.org\/{rel}","templated":true}]}}