{"id":9945,"date":"2025-05-05T14:15:17","date_gmt":"2025-05-05T12:15:17","guid":{"rendered":"https:\/\/agora.xtec.cat\/escolapacocandel\/?p=9945"},"modified":"2025-05-05T14:15:53","modified_gmt":"2025-05-05T12:15:53","slug":"sortida-al-mercat-de-santa-eulalia-2n","status":"publish","type":"post","link":"https:\/\/agora.xtec.cat\/escolapacocandel\/comunitat-de-mitjans\/sortida-al-mercat-de-santa-eulalia-2n\/","title":{"rendered":"Sortida al Mercat de Santa Eul\u00e0lia 2n"},"content":{"rendered":"<p class=\"\" data-start=\"67\" data-end=\"362\">El passat dimecres 30 d&#8217;abril, els alumnes de 2n vam fer una sortida molt interessant al mercat del barri per con\u00e8ixer m\u00e9s sobre el nostre entorn i descobrir com era el mercat abans, aix\u00ed com el que ofereix avui dia. Va ser una experi\u00e8ncia molt enriquidora, plena de descobriments i aprenentatges!<\/p>\n<p class=\"\" data-start=\"364\" data-end=\"870\">Abans de la visita, vam preparar algunes preguntes pr\u00e8vies. Ten\u00edem molta curiositat per saber com havia canviat el mercat amb els anys i qu\u00e8 el feia tan especial. Quan vam arribar, la directora ens va rebre amb molt de gust i ens va explicar un munt de coses fascinants! Ens va explicar com era el mercat fa molts anys, com va iniciar i com ha canviat amb el temps per adaptar-se a les necessitats dels clients. Despr\u00e9s, vam poder fer-li les nostres preguntes que ens va respondre amb molt de gust.<\/p>\n<p class=\"\" data-start=\"1176\" data-end=\"1527\">Durant la visita, tamb\u00e9 vam poder rec\u00f3rrer les diferents parades del mercat i veure els productes que ofereixen: des de peix fresc, fruites i verdures, fins a menjar preparat i fins i tot un ou d\u2019estru\u00e7! A tots ens va sorprendre molt veure un ou d\u2019estru\u00e7 de tan gran!<\/p>\n<p class=\"\" data-start=\"1529\" data-end=\"1904\">Un dels moments m\u00e9s emocionants va ser quan ens van explicar el proc\u00e9s per fer una hamburguesa: des de l\u2019origen de la carn fins que es converteix en un producte acabat.<\/p>\n<p class=\"\" data-start=\"1906\" data-end=\"2198\">Tot plegat va ser una sortida molt completa, on vam poder con\u00e8ixer m\u00e9s sobre el nostre barri, el mercat i tot el que ens ofereix. A m\u00e9s, vam gaudir de con\u00e8ixer el passat del mercat, que ens va ajudar a entendre com ha canviat la manera de comprar i de consumir al llarg dels anys.<\/p>\n<p class=\"\" data-start=\"2200\" data-end=\"2460\">Estem molt agra\u00efts a la directora del mercat i a totes les persones que ens van mostrar els seus productes i ens van explicar els secrets del mercat. Sens dubte, vam aprendre molt sobre el nostre entorn i la import\u00e0ncia d&#8217;aquests espais per a la comunitat.<\/p>\n<p class=\"\" data-start=\"2462\" data-end=\"2574\">Una sortida genial que ens va permetre veure de ben a prop com funciona el nostre barri i com era fa molts anys!<\/p>\n<blockquote class=\"wp-embedded-content\" data-secret=\"No0euGuX2l\"><p><a href=\"https:\/\/agora.xtec.cat\/escolapacocandel\/general\/fotos-sortida-mercat-de-santa-eulalia-2n\/\">Fotos sortida mercat de Santa Eul\u00e0lia 2n<\/a><\/p><\/blockquote>\n<p><iframe loading=\"lazy\" class=\"wp-embedded-content\" sandbox=\"allow-scripts\" security=\"restricted\" style=\"position: absolute; clip: rect(1px, 1px, 1px, 1px);\" title=\"&#8220;Fotos sortida mercat de Santa Eul\u00e0lia 2n&#8221; &#8212; Escola Paco Candel\" src=\"https:\/\/agora.xtec.cat\/escolapacocandel\/general\/fotos-sortida-mercat-de-santa-eulalia-2n\/embed\/#?secret=CLtE5Awoxe#?secret=No0euGuX2l\" data-secret=\"No0euGuX2l\" width=\"500\" height=\"282\" frameborder=\"0\" marginwidth=\"0\" marginheight=\"0\" scrolling=\"no\"><\/iframe><\/p>\n","protected":false},"excerpt":{"rendered":"<p>El passat dimecres 30 d&#8217;abril, els alumnes de 2n vam fer una sortida molt interessant al mercat del barri per con\u00e8ixer m\u00e9s sobre el nostre entorn i descobrir com era el mercat abans, aix\u00ed com el que ofereix avui dia. Va ser una experi\u00e8ncia molt&hellip;  <a href=\"https:\/\/agora.xtec.cat\/escolapacocandel\/comunitat-de-mitjans\/sortida-al-mercat-de-santa-eulalia-2n\/\" title=\"Read Sortida al Mercat de Santa Eul\u00e0lia 2n\">Llegeix m\u00e9s\u00bb<\/a><\/p>\n","protected":false},"author":14,"featured_media":9948,"comment_status":"open","ping_status":"closed","sticky":false,"template":"","format":"standard","meta":{"_bbp_topic_count":0,"_bbp_reply_count":0,"_bbp_total_topic_count":0,"_bbp_total_reply_count":0,"_bbp_voice_count":0,"_bbp_anonymous_reply_count":0,"_bbp_topic_count_hidden":0,"_bbp_reply_count_hidden":0,"_bbp_forum_subforum_count":0,"footnotes":""},"categories":[127,137],"tags":[],"class_list":["post-9945","post","type-post","status-publish","format-standard","has-post-thumbnail","hentry","category-comunitat-de-mitjans","category-2n"],"post_mailing_queue_ids":[],"_links":{"self":[{"href":"https:\/\/agora.xtec.cat\/escolapacocandel\/wp-json\/wp\/v2\/posts\/9945","targetHints":{"allow":["GET"]}}],"collection":[{"href":"https:\/\/agora.xtec.cat\/escolapacocandel\/wp-json\/wp\/v2\/posts"}],"about":[{"href":"https:\/\/agora.xtec.cat\/escolapacocandel\/wp-json\/wp\/v2\/types\/post"}],"author":[{"embeddable":true,"href":"https:\/\/agora.xtec.cat\/escolapacocandel\/wp-json\/wp\/v2\/users\/14"}],"replies":[{"embeddable":true,"href":"https:\/\/agora.xtec.cat\/escolapacocandel\/wp-json\/wp\/v2\/comments?post=9945"}],"version-history":[{"count":1,"href":"https:\/\/agora.xtec.cat\/escolapacocandel\/wp-json\/wp\/v2\/posts\/9945\/revisions"}],"predecessor-version":[{"id":9949,"href":"https:\/\/agora.xtec.cat\/escolapacocandel\/wp-json\/wp\/v2\/posts\/9945\/revisions\/9949"}],"wp:featuredmedia":[{"embeddable":true,"href":"https:\/\/agora.xtec.cat\/escolapacocandel\/wp-json\/wp\/v2\/media\/9948"}],"wp:attachment":[{"href":"https:\/\/agora.xtec.cat\/escolapacocandel\/wp-json\/wp\/v2\/media?parent=9945"}],"wp:term":[{"taxonomy":"category","embeddable":true,"href":"https:\/\/agora.xtec.cat\/escolapacocandel\/wp-json\/wp\/v2\/categories?post=9945"},{"taxonomy":"post_tag","embeddable":true,"href":"https:\/\/agora.xtec.cat\/escolapacocandel\/wp-json\/wp\/v2\/tags?post=9945"}],"curies":[{"name":"wp","href":"https:\/\/api.w.org\/{rel}","templated":true}]}}