{"id":9937,"date":"2025-05-05T14:01:35","date_gmt":"2025-05-05T12:01:35","guid":{"rendered":"https:\/\/agora.xtec.cat\/escolapacocandel\/?p=9937"},"modified":"2025-05-05T14:01:35","modified_gmt":"2025-05-05T12:01:35","slug":"projecte-plantes-2n","status":"publish","type":"post","link":"https:\/\/agora.xtec.cat\/escolapacocandel\/comunitat-de-mitjans\/projecte-plantes-2n\/","title":{"rendered":"Projecte plantes 2n"},"content":{"rendered":"<p class=\"\" data-start=\"46\" data-end=\"435\">Durant el 2n trimestre a les classes de 2n hem estat investigant un tema molt emocionant: <em data-start=\"128\" data-end=\"141\">Les plantes<\/em>! Hem comen\u00e7at el nostre projecte d\u2019una manera molt especial, amb una carta misteriosa d\u2019un extraterrestre que ens demanava ajuda per aprendre tot sobre les plantes. Ens va dir que al seu planeta s&#8217;estaven quedant sense plantes i no sabia com creixien ni qu\u00e8 necessitaven per viure, i nosaltres, com uns bons cient\u00edfics, vam decidir ajudar-lo!<\/p>\n<p class=\"\" data-start=\"437\" data-end=\"778\"><strong data-start=\"437\" data-end=\"480\">Qu\u00e8 necessiten les plantes per cr\u00e9ixer?<\/strong><br data-start=\"480\" data-end=\"483\" \/>Per resoldre aquest misteri, vam fer un experiment per descobrir quines s\u00f3n les condicions que necessiten les plantes per cr\u00e9ixer b\u00e9. Vam observar diferents factors com la llum i l&#8217;aigua, i vam aprendre moltes coses sobre com cuiden les plantes per viure i cr\u00e9ixer saludables. En concret ens va cridar l&#8217;atenci\u00f3 que les plantes sense llum eren molt m\u00e9s p\u00e0l\u00b7lides que les altres i no tenien un verd tan fort. A m\u00e9s tamb\u00e9 eren molt m\u00e9s llargues. Xerrant a la rotllana vam arribar a la conclusi\u00f3 que eren m\u00e9s llargues per poder trobar la llum que no aconseguien i el fet de ser p\u00e0l\u00b7lides ens va portar a investigar per qu\u00e8 les plantes s\u00f3n verdes i fer un altre experiment&#8230;<\/p>\n<p><strong data-start=\"1197\" data-end=\"1223\">Les parts de la planta<\/strong><\/p>\n<p><strong data-start=\"780\" data-end=\"814\"><span style=\"font-weight: normal;\">Despr\u00e9s vam investigar les parts de la planta. Sab\u00edem que les plantes tenen arrels, tiges, fulles, flors i fruites, per\u00f2 vam aprendre molt m\u00e9s detalladament per a qu\u00e8 serveix cada part i com totes treballen juntes perqu\u00e8 la planta pugui cr\u00e9ixer i reproduir-se.<\/span><\/strong><\/p>\n<p class=\"\" data-start=\"780\" data-end=\"1195\"><strong data-start=\"780\" data-end=\"814\">L\u2019experiment de la clorofil\u00b7la<\/strong><br data-start=\"814\" data-end=\"817\" \/>Un altre moment molt divertit va ser quan vam intentar extreure la <em data-start=\"884\" data-end=\"897\">clorofil\u00b7la<\/em>, la subst\u00e0ncia que fa que les plantes siguin verdes. Vam agafar algunes fulles i vam seguir els passos per veure com s\u2019extreu aquesta subst\u00e0ncia que ajuda les plantes a fer la fotos\u00edntesi. Va ser un experiment molt interessant i ens va ajudar a entendre millor com les plantes fan el seu menjar!<\/p>\n<p class=\"\" data-start=\"1488\" data-end=\"1901\"><strong data-start=\"1488\" data-end=\"1509\">La pol\u00b7linitzaci\u00f3<\/strong><br data-start=\"1509\" data-end=\"1512\" \/>Una altra part del projecte que ens va entusiasmar va ser aprendre com es reprodueixen les plantes. Vam investigar sobre la <em data-start=\"1636\" data-end=\"1652\">pol\u00b7linitzaci\u00f3<\/em> i vam descobrir que les abelles, els insectes i fins i tot el vent poden ajudar a transportar el pol\u00b7len d&#8217;una flor a una altra per fer que les plantes es reprodueixin. Vam crear models per entendre millor aquest proc\u00e9s tan important!<\/p>\n<p class=\"\" data-start=\"1903\" data-end=\"2151\">Ens ha agradat molt treballar en aquest projecte perqu\u00e8 hem apr\u00e8s molt i ens ha perm\u00e8s veure el m\u00f3n natural amb uns ulls nous. Aix\u00ed que, amb tota la informaci\u00f3 que hem descobert, estem segurs que l&#8217;extraterrestre ja ha apr\u00e8s molt sobre les plantes!<\/p>\n<p class=\"\" data-start=\"2316\" data-end=\"2332\">A continuaci\u00f3 us deixem un recull de fotografies del proc\u00e9s del projecte:<\/p>\n<blockquote class=\"wp-embedded-content\" data-secret=\"5ZPD6raelJ\"><p><a href=\"https:\/\/agora.xtec.cat\/escolapacocandel\/general\/fotos-projecte-plantes-2nb\/\">Fotos projecte plantes 2nB<\/a><\/p><\/blockquote>\n<p><iframe loading=\"lazy\" class=\"wp-embedded-content\" sandbox=\"allow-scripts\" security=\"restricted\" style=\"position: absolute; clip: rect(1px, 1px, 1px, 1px);\" title=\"&#8220;Fotos projecte plantes 2nB&#8221; &#8212; Escola Paco Candel\" src=\"https:\/\/agora.xtec.cat\/escolapacocandel\/general\/fotos-projecte-plantes-2nb\/embed\/#?secret=dwYqNACeQu#?secret=5ZPD6raelJ\" data-secret=\"5ZPD6raelJ\" width=\"500\" height=\"282\" frameborder=\"0\" marginwidth=\"0\" marginheight=\"0\" scrolling=\"no\"><\/iframe><\/p>\n<blockquote class=\"wp-embedded-content\" data-secret=\"DokKtVR5Sw\"><p><a href=\"https:\/\/agora.xtec.cat\/escolapacocandel\/general\/fotos-projecte-plantes-2na\/\">Fotos projecte plantes 2nA<\/a><\/p><\/blockquote>\n<p><iframe loading=\"lazy\" class=\"wp-embedded-content\" sandbox=\"allow-scripts\" security=\"restricted\" style=\"position: absolute; clip: rect(1px, 1px, 1px, 1px);\" title=\"&#8220;Fotos projecte plantes 2nA&#8221; &#8212; Escola Paco Candel\" src=\"https:\/\/agora.xtec.cat\/escolapacocandel\/general\/fotos-projecte-plantes-2na\/embed\/#?secret=byXQ1gJi7S#?secret=DokKtVR5Sw\" data-secret=\"DokKtVR5Sw\" width=\"500\" height=\"282\" frameborder=\"0\" marginwidth=\"0\" marginheight=\"0\" scrolling=\"no\"><\/iframe><\/p>\n","protected":false},"excerpt":{"rendered":"<p>Durant el 2n trimestre a les classes de 2n hem estat investigant un tema molt emocionant: Les plantes! Hem comen\u00e7at el nostre projecte d\u2019una manera molt especial, amb una carta misteriosa d\u2019un extraterrestre que ens demanava ajuda per aprendre tot sobre les plantes. Ens va&hellip;  <a href=\"https:\/\/agora.xtec.cat\/escolapacocandel\/comunitat-de-mitjans\/projecte-plantes-2n\/\" title=\"Read Projecte plantes 2n\">Llegeix m\u00e9s\u00bb<\/a><\/p>\n","protected":false},"author":14,"featured_media":9938,"comment_status":"open","ping_status":"closed","sticky":false,"template":"","format":"standard","meta":{"_bbp_topic_count":0,"_bbp_reply_count":0,"_bbp_total_topic_count":0,"_bbp_total_reply_count":0,"_bbp_voice_count":0,"_bbp_anonymous_reply_count":0,"_bbp_topic_count_hidden":0,"_bbp_reply_count_hidden":0,"_bbp_forum_subforum_count":0,"footnotes":""},"categories":[127,137],"tags":[],"class_list":["post-9937","post","type-post","status-publish","format-standard","has-post-thumbnail","hentry","category-comunitat-de-mitjans","category-2n"],"post_mailing_queue_ids":[],"_links":{"self":[{"href":"https:\/\/agora.xtec.cat\/escolapacocandel\/wp-json\/wp\/v2\/posts\/9937","targetHints":{"allow":["GET"]}}],"collection":[{"href":"https:\/\/agora.xtec.cat\/escolapacocandel\/wp-json\/wp\/v2\/posts"}],"about":[{"href":"https:\/\/agora.xtec.cat\/escolapacocandel\/wp-json\/wp\/v2\/types\/post"}],"author":[{"embeddable":true,"href":"https:\/\/agora.xtec.cat\/escolapacocandel\/wp-json\/wp\/v2\/users\/14"}],"replies":[{"embeddable":true,"href":"https:\/\/agora.xtec.cat\/escolapacocandel\/wp-json\/wp\/v2\/comments?post=9937"}],"version-history":[{"count":2,"href":"https:\/\/agora.xtec.cat\/escolapacocandel\/wp-json\/wp\/v2\/posts\/9937\/revisions"}],"predecessor-version":[{"id":9944,"href":"https:\/\/agora.xtec.cat\/escolapacocandel\/wp-json\/wp\/v2\/posts\/9937\/revisions\/9944"}],"wp:featuredmedia":[{"embeddable":true,"href":"https:\/\/agora.xtec.cat\/escolapacocandel\/wp-json\/wp\/v2\/media\/9938"}],"wp:attachment":[{"href":"https:\/\/agora.xtec.cat\/escolapacocandel\/wp-json\/wp\/v2\/media?parent=9937"}],"wp:term":[{"taxonomy":"category","embeddable":true,"href":"https:\/\/agora.xtec.cat\/escolapacocandel\/wp-json\/wp\/v2\/categories?post=9937"},{"taxonomy":"post_tag","embeddable":true,"href":"https:\/\/agora.xtec.cat\/escolapacocandel\/wp-json\/wp\/v2\/tags?post=9937"}],"curies":[{"name":"wp","href":"https:\/\/api.w.org\/{rel}","templated":true}]}}