{"id":9932,"date":"2025-05-05T13:43:12","date_gmt":"2025-05-05T11:43:12","guid":{"rendered":"https:\/\/agora.xtec.cat\/escolapacocandel\/?p=9932"},"modified":"2025-05-05T13:43:23","modified_gmt":"2025-05-05T11:43:23","slug":"veus-i-ritmes-dafrica-2n","status":"publish","type":"post","link":"https:\/\/agora.xtec.cat\/escolapacocandel\/comunitat-de-mitjans\/veus-i-ritmes-dafrica-2n\/","title":{"rendered":"Veus i ritmes d&#8217;\u00c0frica 2n"},"content":{"rendered":"<p>El passat 18 de mar\u00e7 les classes de 2n van assistir al taller Veus i Ritmes d&#8217;\u00c0frica al CaixaF\u00f2rum.<\/p>\n<p data-start=\"113\" data-end=\"408\">En aquest taller els infants han pogut gaudir a trav\u00e9s del moviment, el cant a veus i la percussi\u00f3 corporal, la riquesa de la m\u00fasica africana mentre treballaven la coordinaci\u00f3 i el ritme de manera l\u00fadica i participativa.<\/p>\n<p data-start=\"410\" data-end=\"697\" data-is-last-node=\"\" data-is-only-node=\"\">Amb molta energia i entusiasme, han muntat un petit repertori ple de sons i ritmes vibrants que ens han fet viatjar per cultures i tradicions d\u2019altres continents. Sens dubte, una experi\u00e8ncia enriquidora que els ha perm\u00e8s descobrir noves maneres d\u2019expressar-se a trav\u00e9s de la m\u00fasica!<\/p>\n<p>A continuaci\u00f3 podeu veure les fotos i els v\u00eddeos del taller:<\/p>\n<blockquote class=\"wp-embedded-content\" data-secret=\"nvW4DX90to\"><p><a href=\"https:\/\/agora.xtec.cat\/escolapacocandel\/general\/fotografies-veus-i-ritmes-dafrica-2n\/\">Fotografies Veus i Ritmes d&#8217;\u00c0frica 2n<\/a><\/p><\/blockquote>\n<p><iframe loading=\"lazy\" class=\"wp-embedded-content\" sandbox=\"allow-scripts\" security=\"restricted\" style=\"position: absolute; clip: rect(1px, 1px, 1px, 1px);\" title=\"&#8220;Fotografies Veus i Ritmes d&#8217;\u00c0frica 2n&#8221; &#8212; Escola Paco Candel\" src=\"https:\/\/agora.xtec.cat\/escolapacocandel\/general\/fotografies-veus-i-ritmes-dafrica-2n\/embed\/#?secret=m8EUAQx9IU#?secret=nvW4DX90to\" data-secret=\"nvW4DX90to\" width=\"500\" height=\"282\" frameborder=\"0\" marginwidth=\"0\" marginheight=\"0\" scrolling=\"no\"><\/iframe><\/p>\n","protected":false},"excerpt":{"rendered":"<p>El passat 18 de mar\u00e7 les classes de 2n van assistir al taller Veus i Ritmes d&#8217;\u00c0frica al CaixaF\u00f2rum.<br \/>\nEn aquest taller els infants han pogut gaudir a trav\u00e9s del moviment, el cant a veus i la percussi\u00f3 corporal, la riquesa de la m\u00fasica africana mentre&hellip;  <a href=\"https:\/\/agora.xtec.cat\/escolapacocandel\/comunitat-de-mitjans\/veus-i-ritmes-dafrica-2n\/\" title=\"Read Veus i ritmes d&#8217;\u00c0frica 2n\">Llegeix m\u00e9s\u00bb<\/a><\/p>\n","protected":false},"author":14,"featured_media":9935,"comment_status":"open","ping_status":"closed","sticky":false,"template":"","format":"standard","meta":{"_bbp_topic_count":0,"_bbp_reply_count":0,"_bbp_total_topic_count":0,"_bbp_total_reply_count":0,"_bbp_voice_count":0,"_bbp_anonymous_reply_count":0,"_bbp_topic_count_hidden":0,"_bbp_reply_count_hidden":0,"_bbp_forum_subforum_count":0,"footnotes":""},"categories":[127,137],"tags":[],"class_list":["post-9932","post","type-post","status-publish","format-standard","has-post-thumbnail","hentry","category-comunitat-de-mitjans","category-2n"],"post_mailing_queue_ids":[],"_links":{"self":[{"href":"https:\/\/agora.xtec.cat\/escolapacocandel\/wp-json\/wp\/v2\/posts\/9932","targetHints":{"allow":["GET"]}}],"collection":[{"href":"https:\/\/agora.xtec.cat\/escolapacocandel\/wp-json\/wp\/v2\/posts"}],"about":[{"href":"https:\/\/agora.xtec.cat\/escolapacocandel\/wp-json\/wp\/v2\/types\/post"}],"author":[{"embeddable":true,"href":"https:\/\/agora.xtec.cat\/escolapacocandel\/wp-json\/wp\/v2\/users\/14"}],"replies":[{"embeddable":true,"href":"https:\/\/agora.xtec.cat\/escolapacocandel\/wp-json\/wp\/v2\/comments?post=9932"}],"version-history":[{"count":1,"href":"https:\/\/agora.xtec.cat\/escolapacocandel\/wp-json\/wp\/v2\/posts\/9932\/revisions"}],"predecessor-version":[{"id":9936,"href":"https:\/\/agora.xtec.cat\/escolapacocandel\/wp-json\/wp\/v2\/posts\/9932\/revisions\/9936"}],"wp:featuredmedia":[{"embeddable":true,"href":"https:\/\/agora.xtec.cat\/escolapacocandel\/wp-json\/wp\/v2\/media\/9935"}],"wp:attachment":[{"href":"https:\/\/agora.xtec.cat\/escolapacocandel\/wp-json\/wp\/v2\/media?parent=9932"}],"wp:term":[{"taxonomy":"category","embeddable":true,"href":"https:\/\/agora.xtec.cat\/escolapacocandel\/wp-json\/wp\/v2\/categories?post=9932"},{"taxonomy":"post_tag","embeddable":true,"href":"https:\/\/agora.xtec.cat\/escolapacocandel\/wp-json\/wp\/v2\/tags?post=9932"}],"curies":[{"name":"wp","href":"https:\/\/api.w.org\/{rel}","templated":true}]}}