{"id":9901,"date":"2025-04-24T13:47:43","date_gmt":"2025-04-24T11:47:43","guid":{"rendered":"https:\/\/agora.xtec.cat\/escolapacocandel\/?p=9901"},"modified":"2025-04-24T13:47:43","modified_gmt":"2025-04-24T11:47:43","slug":"viatge-al-passat-de-5e","status":"publish","type":"post","link":"https:\/\/agora.xtec.cat\/escolapacocandel\/comunitat-de-grans\/5e\/viatge-al-passat-de-5e\/","title":{"rendered":"Viatge al passat de 5\u00e8"},"content":{"rendered":"<h3 class=\"\" data-start=\"90\" data-end=\"146\">Un viatge en el temps amb 5\u00e8: descobrim la Hist\u00f2ria!<\/h3>\n<p class=\"\" data-start=\"148\" data-end=\"425\">Aquest curs, l\u2019alumnat de 5\u00e8 ha fet un <strong data-start=\"187\" data-end=\"228\">viatge apassionant a trav\u00e9s del temps<\/strong> gr\u00e0cies al projecte d\u2019Hist\u00f2ria. Amb molta curiositat i esperit investigador, els nens i nenes han pogut entendre millor com ha evolucionat la humanitat des dels seus or\u00edgens fins a l\u2019edat moderna.<\/p>\n<p class=\"\" data-start=\"427\" data-end=\"749\"><a href=\"https:\/\/agora.xtec.cat\/escolapacocandel\/wp-content\/uploads\/usu332\/2025\/04\/IMG_5609-scaled.jpg\"><img loading=\"lazy\" decoding=\"async\" class=\"wp-image-9903  alignleft\" src=\"https:\/\/agora.xtec.cat\/escolapacocandel\/wp-content\/uploads\/usu332\/2025\/04\/IMG_5609-scaled-e1745495185374-768x1024.jpg\" alt=\"\" width=\"238\" height=\"317\" srcset=\"https:\/\/agora.xtec.cat\/escolapacocandel\/wp-content\/uploads\/usu332\/2025\/04\/IMG_5609-scaled-e1745495185374-768x1024.jpg 768w, https:\/\/agora.xtec.cat\/escolapacocandel\/wp-content\/uploads\/usu332\/2025\/04\/IMG_5609-scaled-e1745495185374-225x300.jpg 225w, https:\/\/agora.xtec.cat\/escolapacocandel\/wp-content\/uploads\/usu332\/2025\/04\/IMG_5609-scaled-e1745495185374-1152x1536.jpg 1152w, https:\/\/agora.xtec.cat\/escolapacocandel\/wp-content\/uploads\/usu332\/2025\/04\/IMG_5609-scaled-e1745495185374-1536x2048.jpg 1536w, https:\/\/agora.xtec.cat\/escolapacocandel\/wp-content\/uploads\/usu332\/2025\/04\/IMG_5609-scaled-e1745495185374.jpg 1920w\" sizes=\"auto, (max-width: 238px) 100vw, 238px\" \/><\/a>Hem comen\u00e7at el nostre recorregut per la <strong data-start=\"468\" data-end=\"483\">Prehist\u00f2ria<\/strong>, una etapa fascinant on hem apr\u00e8s com vivien els primers humans, com obtenien el menjar, quines eines utilitzaven i com van descobrir el foc. Ens ha cridat molt l\u2019atenci\u00f3 la seva capacitat d\u2019adaptaci\u00f3 i com expressaven les seves emocions a trav\u00e9s de l\u2019art rupestre.<\/p>\n<p class=\"\" data-start=\"751\" data-end=\"1147\">Despr\u00e9s hem entrat de ple a l\u2019<strong data-start=\"781\" data-end=\"796\">Edat Antiga<\/strong>, on hem descobert algunes de les <strong data-start=\"830\" data-end=\"863\">civilitzacions m\u00e9s rellevants<\/strong> de la hist\u00f2ria com l\u2019Eg\u00edpcia, la Grega i la Romana. Ens ha encantat aprendre sobre les seves formes de govern, la religi\u00f3, els invents, l\u2019arquitectura i la manera com van influir en la nostra societat actual. Hem fet petites maquetes, presentacions i fins i tot alguna dramatitzaci\u00f3!<\/p>\n<p class=\"\" data-start=\"1149\" data-end=\"1447\">L\u2019<strong data-start=\"1151\" data-end=\"1167\">Edat Mitjana<\/strong> ens ha sorpr\u00e8s amb castells, reis, cavallers i camperols. Hem conegut com funcionava el feudalisme, la import\u00e0ncia de l\u2019Esgl\u00e9sia i com vivien les persones segons la seva classe social. Tamb\u00e9 hem parlat de l\u2019art medieval i dels grans canvis culturals que es van comen\u00e7ar a gestar.<\/p>\n<p class=\"\" data-start=\"1449\" data-end=\"1782\">Finalment, hem arribat a l\u2019<strong data-start=\"1476\" data-end=\"1492\">Edat Moderna<\/strong>, una etapa plena de descobriments, grans viatges i transformacions socials. Hem treballat personatges i fets<a href=\"https:\/\/agora.xtec.cat\/escolapacocandel\/wp-content\/uploads\/usu332\/2025\/04\/IMG_5615-scaled.jpg\"><img loading=\"lazy\" decoding=\"async\" class=\"wp-image-9904 alignright\" src=\"https:\/\/agora.xtec.cat\/escolapacocandel\/wp-content\/uploads\/usu332\/2025\/04\/IMG_5615-1024x768.jpg\" alt=\"\" width=\"334\" height=\"251\" srcset=\"https:\/\/agora.xtec.cat\/escolapacocandel\/wp-content\/uploads\/usu332\/2025\/04\/IMG_5615-1024x768.jpg 1024w, https:\/\/agora.xtec.cat\/escolapacocandel\/wp-content\/uploads\/usu332\/2025\/04\/IMG_5615-300x225.jpg 300w, https:\/\/agora.xtec.cat\/escolapacocandel\/wp-content\/uploads\/usu332\/2025\/04\/IMG_5615-768x576.jpg 768w, https:\/\/agora.xtec.cat\/escolapacocandel\/wp-content\/uploads\/usu332\/2025\/04\/IMG_5615-1536x1152.jpg 1536w, https:\/\/agora.xtec.cat\/escolapacocandel\/wp-content\/uploads\/usu332\/2025\/04\/IMG_5615-2048x1536.jpg 2048w, https:\/\/agora.xtec.cat\/escolapacocandel\/wp-content\/uploads\/usu332\/2025\/04\/IMG_5615-200x150.jpg 200w\" sizes=\"auto, (max-width: 334px) 100vw, 334px\" \/><\/a> clau com l\u2019arribada de Colom a Am\u00e8rica, la invenci\u00f3 de la impremta o el Renaixement. Ens ha ajudat molt a entendre com aquestes fites van obrir les portes al m\u00f3n que coneixem avui.<\/p>\n<p class=\"\" data-start=\"1784\" data-end=\"2041\">Durant tot aquest projecte, l\u2019alumnat ha fet servir <strong data-start=\"1836\" data-end=\"1924\">fonts hist\u00f2riques, mapes, l\u00ednies del temps, recursos digitals i activitats creatives<\/strong> que els han perm\u00e8s entendre millor cada per\u00edode i posar-se a la pell de les persones que vivien en aquelles \u00e8poques.<\/p>\n<p class=\"\" data-start=\"2043\" data-end=\"2227\">Amb aquest viatge per la hist\u00f2ria, no nom\u00e9s hem apr\u00e8s fets i dates, sin\u00f3 tamb\u00e9 a <strong data-start=\"2124\" data-end=\"2176\">valorar el passat per entendre millor el present<\/strong> i imaginar el futur amb m\u00e9s consci\u00e8ncia i criteri.<\/p>\n<p data-start=\"2043\" data-end=\"2227\">I aix\u00f2 no acaba aqu\u00ed, perqu\u00e8 aquest darrer trimestre el dedicarem a l&#8217;edat contempor\u00e0nia!<\/p>\n","protected":false},"excerpt":{"rendered":"<p>Un viatge en el temps amb 5\u00e8: descobrim la Hist\u00f2ria!<br \/>\nAquest curs, l\u2019alumnat de 5\u00e8 ha fet un viatge apassionant a trav\u00e9s del temps gr\u00e0cies al projecte d\u2019Hist\u00f2ria. Amb molta curiositat i esperit investigador, els nens i nenes han pogut entendre millor com ha evolucionat la&hellip;  <a href=\"https:\/\/agora.xtec.cat\/escolapacocandel\/comunitat-de-grans\/5e\/viatge-al-passat-de-5e\/\" title=\"Read Viatge al passat de 5\u00e8\">Llegeix m\u00e9s\u00bb<\/a><\/p>\n","protected":false},"author":27,"featured_media":0,"comment_status":"open","ping_status":"closed","sticky":false,"template":"","format":"standard","meta":{"_bbp_topic_count":0,"_bbp_reply_count":0,"_bbp_total_topic_count":0,"_bbp_total_reply_count":0,"_bbp_voice_count":0,"_bbp_anonymous_reply_count":0,"_bbp_topic_count_hidden":0,"_bbp_reply_count_hidden":0,"_bbp_forum_subforum_count":0,"footnotes":""},"categories":[144],"tags":[202,203,99,214],"class_list":["post-9901","post","type-post","status-publish","format-standard","hentry","category-5e","tag-comunitatdegrans","tag-escolapacocandel","tag-projecte","tag-projectehistoria"],"post_mailing_queue_ids":[],"_links":{"self":[{"href":"https:\/\/agora.xtec.cat\/escolapacocandel\/wp-json\/wp\/v2\/posts\/9901","targetHints":{"allow":["GET"]}}],"collection":[{"href":"https:\/\/agora.xtec.cat\/escolapacocandel\/wp-json\/wp\/v2\/posts"}],"about":[{"href":"https:\/\/agora.xtec.cat\/escolapacocandel\/wp-json\/wp\/v2\/types\/post"}],"author":[{"embeddable":true,"href":"https:\/\/agora.xtec.cat\/escolapacocandel\/wp-json\/wp\/v2\/users\/27"}],"replies":[{"embeddable":true,"href":"https:\/\/agora.xtec.cat\/escolapacocandel\/wp-json\/wp\/v2\/comments?post=9901"}],"version-history":[{"count":1,"href":"https:\/\/agora.xtec.cat\/escolapacocandel\/wp-json\/wp\/v2\/posts\/9901\/revisions"}],"predecessor-version":[{"id":9905,"href":"https:\/\/agora.xtec.cat\/escolapacocandel\/wp-json\/wp\/v2\/posts\/9901\/revisions\/9905"}],"wp:attachment":[{"href":"https:\/\/agora.xtec.cat\/escolapacocandel\/wp-json\/wp\/v2\/media?parent=9901"}],"wp:term":[{"taxonomy":"category","embeddable":true,"href":"https:\/\/agora.xtec.cat\/escolapacocandel\/wp-json\/wp\/v2\/categories?post=9901"},{"taxonomy":"post_tag","embeddable":true,"href":"https:\/\/agora.xtec.cat\/escolapacocandel\/wp-json\/wp\/v2\/tags?post=9901"}],"curies":[{"name":"wp","href":"https:\/\/api.w.org\/{rel}","templated":true}]}}