{"id":9897,"date":"2025-04-24T13:35:47","date_gmt":"2025-04-24T11:35:47","guid":{"rendered":"https:\/\/agora.xtec.cat\/escolapacocandel\/?p=9897"},"modified":"2025-04-24T13:35:47","modified_gmt":"2025-04-24T11:35:47","slug":"projecte-de-fauna-5e-b","status":"publish","type":"post","link":"https:\/\/agora.xtec.cat\/escolapacocandel\/comunitat-de-grans\/5e\/projecte-de-fauna-5e-b\/","title":{"rendered":"Projecte de Fauna 5\u00e8 B"},"content":{"rendered":"<h3 class=\"\" data-start=\"116\" data-end=\"209\">Descobrim la fauna i cuidem el planeta: un viatge apassionant amb els i les alumnes de 5\u00e8<\/h3>\n<p class=\"\" data-start=\"211\" data-end=\"410\">Aquest trimestre, l\u2019alumnat de 5\u00e8 ha viscut una experi\u00e8ncia d\u2019aprenentatge molt enriquidora a trav\u00e9s del <strong data-start=\"316\" data-end=\"337\">projecte de Fauna<\/strong>, una proposta interdisciplin\u00e0ria que ha anat molt m\u00e9s enll\u00e0 de l\u2019aula.<\/p>\n<p class=\"\" data-start=\"412\" data-end=\"671\">Amb molta curiositat i ganes de saber m\u00e9s, els nens i nenes han aprofundit en la <strong data-start=\"493\" data-end=\"527\">classificaci\u00f3 dels \u00e9ssers vius<\/strong>, ampliant els coneixements que ja tenien sobre animals vertebrats i invertebrats, i descobrint les caracter\u00edstiques que defineixen cada grup.<a href=\"https:\/\/agora.xtec.cat\/escolapacocandel\/wp-content\/uploads\/usu332\/2025\/04\/IMG_3044-1-scaled.jpg\"><img loading=\"lazy\" decoding=\"async\" class=\"alignright wp-image-9899\" src=\"https:\/\/agora.xtec.cat\/escolapacocandel\/wp-content\/uploads\/usu332\/2025\/04\/IMG_3044-1-1024x768.jpg\" alt=\"\" width=\"310\" height=\"232\" srcset=\"https:\/\/agora.xtec.cat\/escolapacocandel\/wp-content\/uploads\/usu332\/2025\/04\/IMG_3044-1-1024x768.jpg 1024w, https:\/\/agora.xtec.cat\/escolapacocandel\/wp-content\/uploads\/usu332\/2025\/04\/IMG_3044-1-300x225.jpg 300w, https:\/\/agora.xtec.cat\/escolapacocandel\/wp-content\/uploads\/usu332\/2025\/04\/IMG_3044-1-768x576.jpg 768w, https:\/\/agora.xtec.cat\/escolapacocandel\/wp-content\/uploads\/usu332\/2025\/04\/IMG_3044-1-1536x1152.jpg 1536w, https:\/\/agora.xtec.cat\/escolapacocandel\/wp-content\/uploads\/usu332\/2025\/04\/IMG_3044-1-2048x1536.jpg 2048w, https:\/\/agora.xtec.cat\/escolapacocandel\/wp-content\/uploads\/usu332\/2025\/04\/IMG_3044-1-200x150.jpg 200w\" sizes=\"auto, (max-width: 310px) 100vw, 310px\" \/><\/a><\/p>\n<p class=\"\" data-start=\"673\" data-end=\"994\">Una de les figures clau que hem conegut ha estat <strong data-start=\"722\" data-end=\"740\">Charles Darwin<\/strong>, que ens ha ajudat a entendre millor com funcionen els canvis en les esp\u00e8cies a trav\u00e9s del temps gr\u00e0cies a la <strong data-start=\"851\" data-end=\"875\">teoria de l\u2019evoluci\u00f3<\/strong>. Ha estat molt interessant veure com els animals s\u2019adapten al seu entorn i com aix\u00f2 influeix en la seva superviv\u00e8ncia.<\/p>\n<p class=\"\" data-start=\"996\" data-end=\"1410\">Tamb\u00e9 hem reflexionat sobre els <strong data-start=\"1028\" data-end=\"1043\">ecosistemes<\/strong> i el paper que hi juguen tots els \u00e9ssers vius. Malauradament, hem comprovat que molts d\u2019aquests espais naturals es troben en perill a causa de diversos factors, per\u00f2 <strong data-start=\"1210\" data-end=\"1263\">sobretot per la petjada que hi deixa l\u2019\u00e9sser hum\u00e0<\/strong>: la contaminaci\u00f3, la desforestaci\u00f3, el canvi clim\u00e0tic&#8230; Tot aix\u00f2 ens ha fet pensar en la responsabilitat que tenim a l\u2019hora de cuidar el planeta.<\/p>\n<p class=\"\" data-start=\"1412\" data-end=\"1834\">Com a part del projecte, vam tenir l\u2019oportunitat de visitar el <strong data-start=\"1475\" data-end=\"1495\">Refugi M\u00f3n Bassa<\/strong>, un espai dedicat a la cura i rescat d\u2019animals. <a href=\"https:\/\/agora.xtec.cat\/escolapacocandel\/wp-content\/uploads\/usu332\/2025\/04\/6c8a75d0-0945-4006-ac8c-c9e8676b9f9a.jpg\"><img loading=\"lazy\" decoding=\"async\" class=\"wp-image-9898 alignleft\" src=\"https:\/\/agora.xtec.cat\/escolapacocandel\/wp-content\/uploads\/usu332\/2025\/04\/6c8a75d0-0945-4006-ac8c-c9e8676b9f9a-768x1024.jpg\" alt=\"\" width=\"197\" height=\"263\" srcset=\"https:\/\/agora.xtec.cat\/escolapacocandel\/wp-content\/uploads\/usu332\/2025\/04\/6c8a75d0-0945-4006-ac8c-c9e8676b9f9a-768x1024.jpg 768w, https:\/\/agora.xtec.cat\/escolapacocandel\/wp-content\/uploads\/usu332\/2025\/04\/6c8a75d0-0945-4006-ac8c-c9e8676b9f9a-225x300.jpg 225w, https:\/\/agora.xtec.cat\/escolapacocandel\/wp-content\/uploads\/usu332\/2025\/04\/6c8a75d0-0945-4006-ac8c-c9e8676b9f9a-1152x1536.jpg 1152w, https:\/\/agora.xtec.cat\/escolapacocandel\/wp-content\/uploads\/usu332\/2025\/04\/6c8a75d0-0945-4006-ac8c-c9e8676b9f9a.jpg 1200w\" sizes=\"auto, (max-width: 197px) 100vw, 197px\" \/><\/a>Aquesta sortida va ser una experi\u00e8ncia molt emotiva i educativa. Ens van explicar la seva gran tasca, vam con\u00e8ixer animals que han estat salvats de situacions dif\u00edcils i vam entendre com podem contribuir, des del nostre dia a dia, a una conviv\u00e8ncia m\u00e9s respectuosa amb tots els \u00e9ssers vius.<\/p>\n<p data-start=\"1836\" data-end=\"2105\">\n<p data-start=\"1836\" data-end=\"2105\">\n<p data-start=\"1836\" data-end=\"2105\">\n<p data-start=\"1836\" data-end=\"2105\">\n<p class=\"\" data-start=\"1836\" data-end=\"2105\">Amb aquest projecte, l\u2019alumnat no nom\u00e9s ha apr\u00e8s coneixements cient\u00edfics, sin\u00f3 que tamb\u00e9 ha desenvolupat una mirada m\u00e9s cr\u00edtica i compromesa amb el medi ambient. Sens dubte, una experi\u00e8ncia que deixem enrere amb moltes reflexions i ganes de continuar cuidant la natura.<\/p>\n","protected":false},"excerpt":{"rendered":"<p>Descobrim la fauna i cuidem el planeta: un viatge apassionant amb els i les alumnes de 5\u00e8<br \/>\nAquest trimestre, l\u2019alumnat de 5\u00e8 ha viscut una experi\u00e8ncia d\u2019aprenentatge molt enriquidora a trav\u00e9s del projecte de Fauna, una proposta interdisciplin\u00e0ria que ha anat molt m\u00e9s enll\u00e0 de l\u2019aula.<br \/>\nAmb&hellip;  <a href=\"https:\/\/agora.xtec.cat\/escolapacocandel\/comunitat-de-grans\/5e\/projecte-de-fauna-5e-b\/\" title=\"Read Projecte de Fauna 5\u00e8 B\">Llegeix m\u00e9s\u00bb<\/a><\/p>\n","protected":false},"author":27,"featured_media":0,"comment_status":"open","ping_status":"closed","sticky":false,"template":"","format":"standard","meta":{"_bbp_topic_count":0,"_bbp_reply_count":0,"_bbp_total_topic_count":0,"_bbp_total_reply_count":0,"_bbp_voice_count":0,"_bbp_anonymous_reply_count":0,"_bbp_topic_count_hidden":0,"_bbp_reply_count_hidden":0,"_bbp_forum_subforum_count":0,"footnotes":""},"categories":[144],"tags":[202,203,99],"class_list":["post-9897","post","type-post","status-publish","format-standard","hentry","category-5e","tag-comunitatdegrans","tag-escolapacocandel","tag-projecte"],"post_mailing_queue_ids":[],"_links":{"self":[{"href":"https:\/\/agora.xtec.cat\/escolapacocandel\/wp-json\/wp\/v2\/posts\/9897","targetHints":{"allow":["GET"]}}],"collection":[{"href":"https:\/\/agora.xtec.cat\/escolapacocandel\/wp-json\/wp\/v2\/posts"}],"about":[{"href":"https:\/\/agora.xtec.cat\/escolapacocandel\/wp-json\/wp\/v2\/types\/post"}],"author":[{"embeddable":true,"href":"https:\/\/agora.xtec.cat\/escolapacocandel\/wp-json\/wp\/v2\/users\/27"}],"replies":[{"embeddable":true,"href":"https:\/\/agora.xtec.cat\/escolapacocandel\/wp-json\/wp\/v2\/comments?post=9897"}],"version-history":[{"count":1,"href":"https:\/\/agora.xtec.cat\/escolapacocandel\/wp-json\/wp\/v2\/posts\/9897\/revisions"}],"predecessor-version":[{"id":9900,"href":"https:\/\/agora.xtec.cat\/escolapacocandel\/wp-json\/wp\/v2\/posts\/9897\/revisions\/9900"}],"wp:attachment":[{"href":"https:\/\/agora.xtec.cat\/escolapacocandel\/wp-json\/wp\/v2\/media?parent=9897"}],"wp:term":[{"taxonomy":"category","embeddable":true,"href":"https:\/\/agora.xtec.cat\/escolapacocandel\/wp-json\/wp\/v2\/categories?post=9897"},{"taxonomy":"post_tag","embeddable":true,"href":"https:\/\/agora.xtec.cat\/escolapacocandel\/wp-json\/wp\/v2\/tags?post=9897"}],"curies":[{"name":"wp","href":"https:\/\/api.w.org\/{rel}","templated":true}]}}