{"id":9889,"date":"2025-04-23T16:07:47","date_gmt":"2025-04-23T14:07:47","guid":{"rendered":"https:\/\/agora.xtec.cat\/escolapacocandel\/?p=9889"},"modified":"2025-04-23T16:07:47","modified_gmt":"2025-04-23T14:07:47","slug":"camina-descalc-a-arbucies-i4","status":"publish","type":"post","link":"https:\/\/agora.xtec.cat\/escolapacocandel\/comunitat-de-petits\/camina-descalc-a-arbucies-i4\/","title":{"rendered":"Camina descal\u00e7 a Arb\u00facies &#8211; I4"},"content":{"rendered":"<p><a href=\"https:\/\/agora.xtec.cat\/escolapacocandel\/wp-content\/uploads\/usu332\/2025\/04\/camina-descalc-03.webp\"><img loading=\"lazy\" decoding=\"async\" class=\"size-full wp-image-9892 aligncenter\" src=\"https:\/\/agora.xtec.cat\/escolapacocandel\/wp-content\/uploads\/usu332\/2025\/04\/camina-descalc-03.webp\" alt=\"\" width=\"385\" height=\"439\" srcset=\"https:\/\/agora.xtec.cat\/escolapacocandel\/wp-content\/uploads\/usu332\/2025\/04\/camina-descalc-03.webp 385w, https:\/\/agora.xtec.cat\/escolapacocandel\/wp-content\/uploads\/usu332\/2025\/04\/camina-descalc-03-263x300.webp 263w\" sizes=\"auto, (max-width: 385px) 100vw, 385px\" \/><\/a><\/p>\n<p>Els infants d\u2019I4 han viscut una experi\u00e8ncia sensorial inoblidable amb l\u2019activitat <strong data-start=\"367\" data-end=\"385\">Camina Descal\u00e7<\/strong> a <strong data-start=\"388\" data-end=\"417\">Selva Aventura (Arb\u00facies)<\/strong>. En un recorregut circular envoltat de natura, han caminat descal\u00e7os sobre <strong data-start=\"493\" data-end=\"546\">sorra, pedres, troncs, fang, suro, palla i fulles<\/strong>, despertant noves sensacions als peus. Tamb\u00e9 han explorat un espai amb <strong data-start=\"618\" data-end=\"637\">elements sonors<\/strong> com un gong, un tambor met\u00e0l\u00b7lic i dos tub\u00f2fons, on han creat petites melodies i experimentat amb diferents sons. El cam\u00ed inclo\u00efa un <strong data-start=\"771\" data-end=\"802\">tram de plantes arom\u00e0tiques<\/strong>, que estimulava l\u2019olfacte i el tacte, descobrint olors agradables\u2026 i d\u2019altres no tant! Una sortida per <strong data-start=\"906\" data-end=\"971\">connectar amb la natura, escoltar el cos, activar els sentits<\/strong> i gaudir del present d\u2019una manera l\u00fadica i diferent. <strong data-start=\"1025\" data-end=\"1058\">Moviment, emoci\u00f3 i descoberta<\/strong> en un entorn natural privilegiat.<\/p>\n<blockquote class=\"wp-embedded-content\" data-secret=\"KuyKyJdy4e\"><p><a href=\"https:\/\/agora.xtec.cat\/escolapacocandel\/fotos-privat\/fotos-camina-descalc-i4\/\">Fotos Camina Descal\u00e7 I4<\/a><\/p><\/blockquote>\n<p><iframe loading=\"lazy\" class=\"wp-embedded-content\" sandbox=\"allow-scripts\" security=\"restricted\" style=\"position: absolute; clip: rect(1px, 1px, 1px, 1px);\" title=\"&#8220;Fotos Camina Descal\u00e7 I4&#8221; &#8212; Escola Paco Candel\" src=\"https:\/\/agora.xtec.cat\/escolapacocandel\/fotos-privat\/fotos-camina-descalc-i4\/embed\/#?secret=MojlzzLVAZ#?secret=KuyKyJdy4e\" data-secret=\"KuyKyJdy4e\" width=\"500\" height=\"282\" frameborder=\"0\" marginwidth=\"0\" marginheight=\"0\" scrolling=\"no\"><\/iframe><\/p>\n","protected":false},"excerpt":{"rendered":"<p><a href=\"https:\/\/agora.xtec.cat\/escolapacocandel\/wp-content\/uploads\/usu332\/2025\/04\/camina-descalc-03.webp\"><\/a><br \/>\nEls infants d\u2019I4 han viscut una experi\u00e8ncia sensorial inoblidable amb l\u2019activitat Camina Descal\u00e7 a Selva Aventura (Arb\u00facies). En un recorregut circular envoltat de natura, han caminat descal\u00e7os sobre sorra, pedres, troncs, fang, suro, palla i fulles, despertant noves sensacions als peus. Tamb\u00e9 han explorat&hellip;  <a href=\"https:\/\/agora.xtec.cat\/escolapacocandel\/comunitat-de-petits\/camina-descalc-a-arbucies-i4\/\" title=\"Read Camina descal\u00e7 a Arb\u00facies &#8211; I4\">Llegeix m\u00e9s\u00bb<\/a><\/p>\n","protected":false},"author":73,"featured_media":9892,"comment_status":"open","ping_status":"closed","sticky":false,"template":"","format":"standard","meta":{"_bbp_topic_count":0,"_bbp_reply_count":0,"_bbp_total_topic_count":0,"_bbp_total_reply_count":0,"_bbp_voice_count":0,"_bbp_anonymous_reply_count":0,"_bbp_topic_count_hidden":0,"_bbp_reply_count_hidden":0,"_bbp_forum_subforum_count":0,"footnotes":""},"categories":[183,128],"tags":[],"class_list":["post-9889","post","type-post","status-publish","format-standard","has-post-thumbnail","hentry","category-4-anys","category-comunitat-de-petits"],"post_mailing_queue_ids":[],"_links":{"self":[{"href":"https:\/\/agora.xtec.cat\/escolapacocandel\/wp-json\/wp\/v2\/posts\/9889","targetHints":{"allow":["GET"]}}],"collection":[{"href":"https:\/\/agora.xtec.cat\/escolapacocandel\/wp-json\/wp\/v2\/posts"}],"about":[{"href":"https:\/\/agora.xtec.cat\/escolapacocandel\/wp-json\/wp\/v2\/types\/post"}],"author":[{"embeddable":true,"href":"https:\/\/agora.xtec.cat\/escolapacocandel\/wp-json\/wp\/v2\/users\/73"}],"replies":[{"embeddable":true,"href":"https:\/\/agora.xtec.cat\/escolapacocandel\/wp-json\/wp\/v2\/comments?post=9889"}],"version-history":[{"count":1,"href":"https:\/\/agora.xtec.cat\/escolapacocandel\/wp-json\/wp\/v2\/posts\/9889\/revisions"}],"predecessor-version":[{"id":9893,"href":"https:\/\/agora.xtec.cat\/escolapacocandel\/wp-json\/wp\/v2\/posts\/9889\/revisions\/9893"}],"wp:featuredmedia":[{"embeddable":true,"href":"https:\/\/agora.xtec.cat\/escolapacocandel\/wp-json\/wp\/v2\/media\/9892"}],"wp:attachment":[{"href":"https:\/\/agora.xtec.cat\/escolapacocandel\/wp-json\/wp\/v2\/media?parent=9889"}],"wp:term":[{"taxonomy":"category","embeddable":true,"href":"https:\/\/agora.xtec.cat\/escolapacocandel\/wp-json\/wp\/v2\/categories?post=9889"},{"taxonomy":"post_tag","embeddable":true,"href":"https:\/\/agora.xtec.cat\/escolapacocandel\/wp-json\/wp\/v2\/tags?post=9889"}],"curies":[{"name":"wp","href":"https:\/\/api.w.org\/{rel}","templated":true}]}}