{"id":9886,"date":"2025-04-09T12:57:52","date_gmt":"2025-04-09T10:57:52","guid":{"rendered":"https:\/\/agora.xtec.cat\/escolapacocandel\/?p=9886"},"modified":"2025-04-09T12:59:55","modified_gmt":"2025-04-09T10:59:55","slug":"activitat-de-sensibilitzacio-vers-lesport-adaptat","status":"publish","type":"post","link":"https:\/\/agora.xtec.cat\/escolapacocandel\/comunitat-de-mitjans\/3r\/activitat-de-sensibilitzacio-vers-lesport-adaptat\/","title":{"rendered":"Activitat de sensibilitzaci\u00f3 vers l&#8217;esport adaptat"},"content":{"rendered":"<p class=\"\" data-start=\"175\" data-end=\"562\">Avui hem tingut l\u2019oportunitat de viure una experi\u00e8ncia molt especial: una jornada dedicada a con\u00e8ixer i viure en primera persona l\u2019esport adaptat. L\u2019objectiu principal d\u2019aquesta activitat ha estat apropar a l\u2019alumnat al m\u00f3n de l\u2019esport per a persones amb discapacitat i descobrir com l\u2019activitat f\u00edsica pot millorar la seva qualitat de vida i afavorir la seva inclusi\u00f3 social.<\/p>\n<p class=\"\" data-start=\"564\" data-end=\"981\">La jornada ha comen\u00e7at amb una introducci\u00f3 conjunta, on hem parlat dels diferents tipus de discapacitat \u2014f\u00edsica, sensorial, intel\u00b7lectual i de salut mental\u2014, de les seves possibles causes i de les opcions esportives que existeixen per a cada cas. Hem reflexionat plegats sobre quins esports pot practicar una persona amb discapacitat i hem trencat alguns estereotips.<\/p>\n<p class=\"\" data-start=\"983\" data-end=\"1515\">Despr\u00e9s, ens hem dividit en petits grups i hem passat per diverses estacions d\u2019activitat, on hem pogut provar esports adaptats com el b\u00e0squet en cadira de rodes, la boccia i el sitting-volei.<\/p>\n<p class=\"\" data-start=\"1517\" data-end=\"1838\">Per tancar la jornada, ens hem reunit de nou per compartir impressions i fer una reflexi\u00f3 final: com ha canviat la nostra visi\u00f3 sobre l\u2019esport i la discapacitat? Ens hem adonat que les possibilitats s\u00f3n molt m\u00e9s \u00e0mplies del que ens imagin\u00e0vem i que l\u2019esport \u00e9s una eina potent per trencar barreres i fomentar la inclusi\u00f3.<\/p>\n<p class=\"\" data-start=\"1840\" data-end=\"2146\">El m\u00e9s enriquidor de tot ha estat poder comptar amb t\u00e8cnics amb diversitat funcional, alguns d\u2019ells jugadors del BCR CEM L\u2019Hospitalet, l\u2019equip local de b\u00e0squet en cadira de rodes que juga en competicions estatals. El seu testimoni, l\u2019experi\u00e8ncia i el comprom\u00eds han estat un exemple inspirador per a tothom.<\/p>\n<p class=\"\" data-start=\"2148\" data-end=\"2331\">Ha estat una diada plena d\u2019aprenentatges, emocions i, sobretot, de mirades noves cap a un m\u00f3n que ens queda molt per descobrir. Gr\u00e0cies a totes les persones que ho han fet possible!<\/p>\n<blockquote class=\"wp-embedded-content\" data-secret=\"rlJJEr7xdU\"><p><a href=\"https:\/\/agora.xtec.cat\/escolapacocandel\/fotos-privat\/fotos-sensibilitacio-3r\/\">Fotos sensibilitaci\u00f3 3r<\/a><\/p><\/blockquote>\n<p><iframe loading=\"lazy\" class=\"wp-embedded-content\" sandbox=\"allow-scripts\" security=\"restricted\" style=\"position: absolute; clip: rect(1px, 1px, 1px, 1px);\" title=\"&#8220;Fotos sensibilitaci\u00f3 3r&#8221; &#8212; Escola Paco Candel\" src=\"https:\/\/agora.xtec.cat\/escolapacocandel\/fotos-privat\/fotos-sensibilitacio-3r\/embed\/#?secret=5Vk956TLwJ#?secret=rlJJEr7xdU\" data-secret=\"rlJJEr7xdU\" width=\"500\" height=\"282\" frameborder=\"0\" marginwidth=\"0\" marginheight=\"0\" scrolling=\"no\"><\/iframe><\/p>\n","protected":false},"excerpt":{"rendered":"<p>Avui hem tingut l\u2019oportunitat de viure una experi\u00e8ncia molt especial: una jornada dedicada a con\u00e8ixer i viure en primera persona l\u2019esport adaptat. L\u2019objectiu principal d\u2019aquesta activitat ha estat apropar a l\u2019alumnat al m\u00f3n de l\u2019esport per a persones amb discapacitat i descobrir com l\u2019activitat f\u00edsica&hellip;  <a href=\"https:\/\/agora.xtec.cat\/escolapacocandel\/comunitat-de-mitjans\/3r\/activitat-de-sensibilitzacio-vers-lesport-adaptat\/\" title=\"Read Activitat de sensibilitzaci\u00f3 vers l&#8217;esport adaptat\">Llegeix m\u00e9s\u00bb<\/a><\/p>\n","protected":false},"author":25,"featured_media":9887,"comment_status":"open","ping_status":"closed","sticky":false,"template":"","format":"standard","meta":{"_bbp_topic_count":0,"_bbp_reply_count":0,"_bbp_total_topic_count":0,"_bbp_total_reply_count":0,"_bbp_voice_count":0,"_bbp_anonymous_reply_count":0,"_bbp_topic_count_hidden":0,"_bbp_reply_count_hidden":0,"_bbp_forum_subforum_count":0,"footnotes":""},"categories":[141],"tags":[],"class_list":["post-9886","post","type-post","status-publish","format-standard","has-post-thumbnail","hentry","category-3r"],"post_mailing_queue_ids":[],"_links":{"self":[{"href":"https:\/\/agora.xtec.cat\/escolapacocandel\/wp-json\/wp\/v2\/posts\/9886","targetHints":{"allow":["GET"]}}],"collection":[{"href":"https:\/\/agora.xtec.cat\/escolapacocandel\/wp-json\/wp\/v2\/posts"}],"about":[{"href":"https:\/\/agora.xtec.cat\/escolapacocandel\/wp-json\/wp\/v2\/types\/post"}],"author":[{"embeddable":true,"href":"https:\/\/agora.xtec.cat\/escolapacocandel\/wp-json\/wp\/v2\/users\/25"}],"replies":[{"embeddable":true,"href":"https:\/\/agora.xtec.cat\/escolapacocandel\/wp-json\/wp\/v2\/comments?post=9886"}],"version-history":[{"count":1,"href":"https:\/\/agora.xtec.cat\/escolapacocandel\/wp-json\/wp\/v2\/posts\/9886\/revisions"}],"predecessor-version":[{"id":9888,"href":"https:\/\/agora.xtec.cat\/escolapacocandel\/wp-json\/wp\/v2\/posts\/9886\/revisions\/9888"}],"wp:featuredmedia":[{"embeddable":true,"href":"https:\/\/agora.xtec.cat\/escolapacocandel\/wp-json\/wp\/v2\/media\/9887"}],"wp:attachment":[{"href":"https:\/\/agora.xtec.cat\/escolapacocandel\/wp-json\/wp\/v2\/media?parent=9886"}],"wp:term":[{"taxonomy":"category","embeddable":true,"href":"https:\/\/agora.xtec.cat\/escolapacocandel\/wp-json\/wp\/v2\/categories?post=9886"},{"taxonomy":"post_tag","embeddable":true,"href":"https:\/\/agora.xtec.cat\/escolapacocandel\/wp-json\/wp\/v2\/tags?post=9886"}],"curies":[{"name":"wp","href":"https:\/\/api.w.org\/{rel}","templated":true}]}}