{"id":9861,"date":"2025-04-08T20:23:31","date_gmt":"2025-04-08T18:23:31","guid":{"rendered":"https:\/\/agora.xtec.cat\/escolapacocandel\/?p=9861"},"modified":"2025-04-08T23:36:30","modified_gmt":"2025-04-08T21:36:30","slug":"el-consum-responsable-a-6e-b","status":"publish","type":"post","link":"https:\/\/agora.xtec.cat\/escolapacocandel\/general\/el-consum-responsable-a-6e-b\/","title":{"rendered":"El consum responsable a 6\u00e8 B"},"content":{"rendered":"<p class=\"\" data-start=\"236\" data-end=\"405\">Aquest segon trimestre, els infants de la classe de <strong data-start=\"288\" data-end=\"325\">Cient\u00edfiques i Cient\u00edfics<\/strong> de 6\u00e8 B van dur a terme el projecte trimestral del <strong data-start=\"382\" data-end=\"404\">Consum responsable.<\/strong><\/p>\n<p class=\"\" data-start=\"407\" data-end=\"634\">Com en tots els projectes, el primer pas va ser fer els nous agrupaments, acordar el nom de l&#8217;equip, repartir <strong>c\u00e0rrecs i rols, <\/strong>decidir els <strong data-start=\"494\" data-end=\"507\">objectius <\/strong>i investigar sobre qu\u00e8<strong data-start=\"588\" data-end=\"611\">\u00a0vol\u00edem aprendre<\/strong> i proposar la manera.<\/p>\n<p class=\"\" data-start=\"636\" data-end=\"931\">A partir d&#8217;aqu\u00ed, vam comen\u00e7ar una etapa de <strong data-start=\"703\" data-end=\"727\">recerca d&#8217;informaci\u00f3<\/strong> utilitzant diferents fonts: <strong data-start=\"756\" data-end=\"816\">llibres de consulta, p\u00e0gines web, audiovisuals, articles de diari&#8230; <\/strong>A m\u00e9s, vam preparar <strong data-start=\"828\" data-end=\"864\">entrevistes<\/strong> per fer a les botigueres i els botiguers del barri i vam anar a <strong data-start=\"878\" data-end=\"904\">un camp d&#8217;aprenentatge<\/strong> per aprofundir sobre el tema.<\/p>\n<p data-start=\"636\" data-end=\"931\"><a style=\"color: #2795b6;\" href=\"https:\/\/agora.xtec.cat\/escolapacocandel\/wp-content\/uploads\/usu332\/2025\/04\/CONSUM-RESPONSABLE-6B-92.jpeg\"><img loading=\"lazy\" decoding=\"async\" class=\"wp-image-9865 alignleft\" src=\"https:\/\/agora.xtec.cat\/escolapacocandel\/wp-content\/uploads\/usu332\/2025\/04\/CONSUM-RESPONSABLE-6B-92-768x1024.jpeg\" alt=\"\" width=\"366\" height=\"488\" srcset=\"https:\/\/agora.xtec.cat\/escolapacocandel\/wp-content\/uploads\/usu332\/2025\/04\/CONSUM-RESPONSABLE-6B-92-768x1024.jpeg 768w, https:\/\/agora.xtec.cat\/escolapacocandel\/wp-content\/uploads\/usu332\/2025\/04\/CONSUM-RESPONSABLE-6B-92-225x300.jpeg 225w, https:\/\/agora.xtec.cat\/escolapacocandel\/wp-content\/uploads\/usu332\/2025\/04\/CONSUM-RESPONSABLE-6B-92-1152x1536.jpeg 1152w, https:\/\/agora.xtec.cat\/escolapacocandel\/wp-content\/uploads\/usu332\/2025\/04\/CONSUM-RESPONSABLE-6B-92.jpeg 1200w\" sizes=\"auto, (max-width: 366px) 100vw, 366px\" \/><\/a><\/p>\n<p class=\"\" data-start=\"933\" data-end=\"1347\">Durant les primeres setmanes, vam descobrir <strong data-start=\"969\" data-end=\"1001\">qu\u00e8 \u00e9s el consum responsable<\/strong>, vam aprendre sobre les <strong data-start=\"1020\" data-end=\"1027\">5Rs<\/strong> (Reduir, Reutilitzar, Reciclar, Reparar i Repensar), vam identificar aquelles pr\u00e0ctiques que <strong data-start=\"1224\" data-end=\"1239\">destrueixen<\/strong>\u00a0el medi ambient, com la generaci\u00f3 excessiva de <strong data-start=\"1271\" data-end=\"1281\">brossa<\/strong> i l\u2019\u00fas elevat d\u2019<strong data-start=\"1298\" data-end=\"1309\">energia<\/strong>, que contribueixen al canvi clim\u00e0tic, i vam crear dos <strong data-start=\"1095\" data-end=\"1113\">dec\u00e0legs gegants<\/strong>, un amb accions que poden ajudar-nos a protegir el medi ambient i un altre amb aquelles accions que caldria revertir. Tamb\u00e9 vam con\u00e8ixer el paper de les <strong data-start=\"2204\" data-end=\"2233\">activistes mediambientals <\/strong>i cada equip va escollir-ne una per fer un <strong data-start=\"2282\" data-end=\"2300\">text biogr\u00e0fic. <\/strong><\/p>\n<p>&nbsp;<\/p>\n<p class=\"\" data-start=\"933\" data-end=\"1347\">Seguidament, ens vam endinsar en el coneixement dels <strong data-start=\"1389\" data-end=\"1416\">productes de proximitat<\/strong> i de KM0, i en el malbaratament d&#8217;aliments a m\u00e9s del d&#8217;energia. Vam <strong>visitar el mercat de Santa Eul\u00e0lia i a botigues ecol\u00f2giques<\/strong> de proximitat per fer entrevistes i reflexionar sobre el consum local. Vam aprofitar per comprar fruites i hortalisses que ens van permetre fer un petit <strong>tastet a l\u2019aula<\/strong>, per fer valdre els productes locals i de temporada, i tastar fruites diferents de les quals potser no mengem a casa.<\/p>\n<p class=\"\" data-start=\"1349\" data-end=\"1661\">Acabant el trimestre, vam seguir amb l\u2019estudi de <strong data-start=\"1467\" data-end=\"1480\">l\u2019energia<\/strong>, les seves <strong data-start=\"1492\" data-end=\"1502\">formes<\/strong> i les <strong data-start=\"1509\" data-end=\"1545\">fonts renovables i no renovables<\/strong>. Vam fer investigacions, tallers i activitats d&#8217;experimentaci\u00f3 cient\u00edfica per entendre la <strong>transformaci\u00f3 de l&#8217;energia<\/strong> i la import\u00e0ncia de fer un <strong data-start=\"1621\" data-end=\"1651\">\u00fas conscient dels recursos<\/strong> naturals. Encara m\u00e9s,\u00a0vam fer un <strong data-start=\"2376\" data-end=\"2394\">debat a classe<\/strong> per identificar els <strong data-start=\"2415\" data-end=\"2444\">beneficis i inconvenients<\/strong> de les energies renovables i no renovables, fomentant aix\u00ed el pensament cr\u00edtic i la participaci\u00f3 activa.<\/p>\n<p class=\"\" data-start=\"2551\" data-end=\"2784\">Totes aquestes experi\u00e8ncies van estar acompanyades de <strong data-start=\"2605\" data-end=\"2628\">presentacions orals<\/strong> davant de la classe, on vam poder exposar <strong data-start=\"2650\" data-end=\"2689\">manualitats amb materials reciclats<\/strong> i el disseny i la programaci\u00f3 del seu <strong data-start=\"2704\" data-end=\"2731\">robot Lego Spike Prime<\/strong>, combinant sostenibilitat, creativitat i tecnologia.<\/p>\n<p class=\"\" data-start=\"2786\" data-end=\"3081\">Per finalitzar, vam elaborar un <strong data-start=\"2818\" data-end=\"2838\">v\u00eddeo documental<\/strong> que mostra el dia a dia del projecte des de la veu dels infants, que en s\u00f3n els i les veritables protagonistes. <span style=\"font-family: inherit; font-size: 1em;\">Si no vau poder assistir a la presentaci\u00f3 durant el <\/span><strong style=\"font-family: inherit; font-size: 1em;\" data-start=\"2997\" data-end=\"3022\">dia de portes obertes<\/strong><span style=\"font-family: inherit; font-size: 1em;\">, aqu\u00ed us deixem les <\/span><strong style=\"font-family: inherit; font-size: 1em;\" data-start=\"3043\" data-end=\"3080\">fotografies del proc\u00e9s i el v\u00eddeo documental.<\/strong><\/p>\n<p class=\"\" data-start=\"2786\" data-end=\"3081\">Va ser una experi\u00e8ncia d\u2019aprenentatge enriquidora que ens va permetre reflexionar i actuar <strong>per a un futur m\u00e9s sostenible<\/strong>. Continuarem aprenent juntes!<\/p>\n<blockquote class=\"wp-embedded-content\" data-secret=\"7RQ2f4hFCm\"><p><a href=\"https:\/\/agora.xtec.cat\/escolapacocandel\/fotos-privat\/fotos-consum-responsable-6e-b\/\">FOTOS CONSUM RESPONSABLE 6\u00e8 B<\/a><\/p><\/blockquote>\n<p><iframe loading=\"lazy\" class=\"wp-embedded-content\" sandbox=\"allow-scripts\" security=\"restricted\" style=\"position: absolute; clip: rect(1px, 1px, 1px, 1px);\" title=\"&#8220;FOTOS CONSUM RESPONSABLE 6\u00e8 B&#8221; &#8212; Escola Paco Candel\" src=\"https:\/\/agora.xtec.cat\/escolapacocandel\/fotos-privat\/fotos-consum-responsable-6e-b\/embed\/#?secret=fwUVSp5Npb#?secret=7RQ2f4hFCm\" data-secret=\"7RQ2f4hFCm\" width=\"500\" height=\"282\" frameborder=\"0\" marginwidth=\"0\" marginheight=\"0\" scrolling=\"no\"><\/iframe><\/p>\n","protected":false},"excerpt":{"rendered":"<p>Aquest segon trimestre, els infants de la classe de Cient\u00edfiques i Cient\u00edfics de 6\u00e8 B van dur a terme el projecte trimestral del Consum responsable.<br \/>\nCom en tots els projectes, el primer pas va ser fer els nous agrupaments, acordar el nom de l&#8217;equip, repartir c\u00e0rrecs&hellip;  <a href=\"https:\/\/agora.xtec.cat\/escolapacocandel\/general\/el-consum-responsable-a-6e-b\/\" title=\"Read El consum responsable a 6\u00e8 B\">Llegeix m\u00e9s\u00bb<\/a><\/p>\n","protected":false},"author":65,"featured_media":9868,"comment_status":"open","ping_status":"closed","sticky":false,"template":"","format":"standard","meta":{"_bbp_topic_count":0,"_bbp_reply_count":0,"_bbp_total_topic_count":0,"_bbp_total_reply_count":0,"_bbp_voice_count":0,"_bbp_anonymous_reply_count":0,"_bbp_topic_count_hidden":0,"_bbp_reply_count_hidden":0,"_bbp_forum_subforum_count":0,"footnotes":""},"categories":[129,1,146],"tags":[202,215,99],"class_list":["post-9861","post","type-post","status-publish","format-standard","has-post-thumbnail","hentry","category-comunitat-de-grans","category-general","category-6e","tag-comunitatdegrans","tag-consumresponsable","tag-projecte"],"post_mailing_queue_ids":[],"_links":{"self":[{"href":"https:\/\/agora.xtec.cat\/escolapacocandel\/wp-json\/wp\/v2\/posts\/9861","targetHints":{"allow":["GET"]}}],"collection":[{"href":"https:\/\/agora.xtec.cat\/escolapacocandel\/wp-json\/wp\/v2\/posts"}],"about":[{"href":"https:\/\/agora.xtec.cat\/escolapacocandel\/wp-json\/wp\/v2\/types\/post"}],"author":[{"embeddable":true,"href":"https:\/\/agora.xtec.cat\/escolapacocandel\/wp-json\/wp\/v2\/users\/65"}],"replies":[{"embeddable":true,"href":"https:\/\/agora.xtec.cat\/escolapacocandel\/wp-json\/wp\/v2\/comments?post=9861"}],"version-history":[{"count":6,"href":"https:\/\/agora.xtec.cat\/escolapacocandel\/wp-json\/wp\/v2\/posts\/9861\/revisions"}],"predecessor-version":[{"id":9882,"href":"https:\/\/agora.xtec.cat\/escolapacocandel\/wp-json\/wp\/v2\/posts\/9861\/revisions\/9882"}],"wp:featuredmedia":[{"embeddable":true,"href":"https:\/\/agora.xtec.cat\/escolapacocandel\/wp-json\/wp\/v2\/media\/9868"}],"wp:attachment":[{"href":"https:\/\/agora.xtec.cat\/escolapacocandel\/wp-json\/wp\/v2\/media?parent=9861"}],"wp:term":[{"taxonomy":"category","embeddable":true,"href":"https:\/\/agora.xtec.cat\/escolapacocandel\/wp-json\/wp\/v2\/categories?post=9861"},{"taxonomy":"post_tag","embeddable":true,"href":"https:\/\/agora.xtec.cat\/escolapacocandel\/wp-json\/wp\/v2\/tags?post=9861"}],"curies":[{"name":"wp","href":"https:\/\/api.w.org\/{rel}","templated":true}]}}