{"id":9855,"date":"2025-04-08T09:49:23","date_gmt":"2025-04-08T07:49:23","guid":{"rendered":"https:\/\/agora.xtec.cat\/escolapacocandel\/?p=9855"},"modified":"2025-04-08T09:49:23","modified_gmt":"2025-04-08T07:49:23","slug":"sortida-projecte-3r-can-gel","status":"publish","type":"post","link":"https:\/\/agora.xtec.cat\/escolapacocandel\/comunitat-de-mitjans\/sortida-projecte-3r-can-gel\/","title":{"rendered":"Sortida projecte 3r &#8211; Can Gel"},"content":{"rendered":"<p class=\"\" data-start=\"119\" data-end=\"274\">Dins del projecte dels sectors de treball, els nens i nenes vam fer una sortida a la granja Can Gel, una experi\u00e8ncia enriquidora i plena d\u2019aprenentatges.<\/p>\n<p class=\"\" data-start=\"276\" data-end=\"633\">L\u2019activitat es va dividir en dues parts: primer, vam fer una part m\u00e9s te\u00f2rica on ens van explicar com funciona una granja lletera, des de l\u2019alimentaci\u00f3 de les vaques fins al proc\u00e9s de la llet. Despr\u00e9s, vam posar-nos en acci\u00f3! Vam poder donar menjar a les vaques i vedelles, i vam veure en directe com les munyien, una experi\u00e8ncia que ens va sorprendre molt!<\/p>\n<p class=\"\" data-start=\"635\" data-end=\"909\">Per acabar de completar el dia, vam gaudir d\u2019un magn\u00edfic entorn natural on tamb\u00e9 vam tenir l\u2019oportunitat de veure i alimentar altres animals de granja com porcs, conills, ovelles i cavalls. Va ser una jornada fant\u00e0stica per aprendre, conviure i gaudir de la natura!<\/p>\n<p data-start=\"635\" data-end=\"909\">A continuaci\u00f3 teniu les fotografies de la sortida:<\/p>\n<blockquote class=\"wp-embedded-content\" data-secret=\"4Hsm7g38fZ\"><p><a href=\"https:\/\/agora.xtec.cat\/escolapacocandel\/fotos-privat\/fotos-can-gel-3r\/\">FOTOS CAN GEL 3r<\/a><\/p><\/blockquote>\n<p><iframe loading=\"lazy\" class=\"wp-embedded-content\" sandbox=\"allow-scripts\" security=\"restricted\" style=\"position: absolute; clip: rect(1px, 1px, 1px, 1px);\" title=\"&#8220;FOTOS CAN GEL 3r&#8221; &#8212; Escola Paco Candel\" src=\"https:\/\/agora.xtec.cat\/escolapacocandel\/fotos-privat\/fotos-can-gel-3r\/embed\/#?secret=FiV8UaZ7Ne#?secret=4Hsm7g38fZ\" data-secret=\"4Hsm7g38fZ\" width=\"500\" height=\"282\" frameborder=\"0\" marginwidth=\"0\" marginheight=\"0\" scrolling=\"no\"><\/iframe><\/p>\n","protected":false},"excerpt":{"rendered":"<p>Dins del projecte dels sectors de treball, els nens i nenes vam fer una sortida a la granja Can Gel, una experi\u00e8ncia enriquidora i plena d\u2019aprenentatges.<br \/>\nL\u2019activitat es va dividir en dues parts: primer, vam fer una part m\u00e9s te\u00f2rica on ens van explicar com funciona&hellip;  <a href=\"https:\/\/agora.xtec.cat\/escolapacocandel\/comunitat-de-mitjans\/sortida-projecte-3r-can-gel\/\" title=\"Read Sortida projecte 3r &#8211; Can Gel\">Llegeix m\u00e9s\u00bb<\/a><\/p>\n","protected":false},"author":21,"featured_media":9856,"comment_status":"open","ping_status":"closed","sticky":false,"template":"","format":"standard","meta":{"_bbp_topic_count":0,"_bbp_reply_count":0,"_bbp_total_topic_count":0,"_bbp_total_reply_count":0,"_bbp_voice_count":0,"_bbp_anonymous_reply_count":0,"_bbp_topic_count_hidden":0,"_bbp_reply_count_hidden":0,"_bbp_forum_subforum_count":0,"footnotes":""},"categories":[127,141],"tags":[],"class_list":["post-9855","post","type-post","status-publish","format-standard","has-post-thumbnail","hentry","category-comunitat-de-mitjans","category-3r"],"post_mailing_queue_ids":[],"_links":{"self":[{"href":"https:\/\/agora.xtec.cat\/escolapacocandel\/wp-json\/wp\/v2\/posts\/9855","targetHints":{"allow":["GET"]}}],"collection":[{"href":"https:\/\/agora.xtec.cat\/escolapacocandel\/wp-json\/wp\/v2\/posts"}],"about":[{"href":"https:\/\/agora.xtec.cat\/escolapacocandel\/wp-json\/wp\/v2\/types\/post"}],"author":[{"embeddable":true,"href":"https:\/\/agora.xtec.cat\/escolapacocandel\/wp-json\/wp\/v2\/users\/21"}],"replies":[{"embeddable":true,"href":"https:\/\/agora.xtec.cat\/escolapacocandel\/wp-json\/wp\/v2\/comments?post=9855"}],"version-history":[{"count":2,"href":"https:\/\/agora.xtec.cat\/escolapacocandel\/wp-json\/wp\/v2\/posts\/9855\/revisions"}],"predecessor-version":[{"id":9860,"href":"https:\/\/agora.xtec.cat\/escolapacocandel\/wp-json\/wp\/v2\/posts\/9855\/revisions\/9860"}],"wp:featuredmedia":[{"embeddable":true,"href":"https:\/\/agora.xtec.cat\/escolapacocandel\/wp-json\/wp\/v2\/media\/9856"}],"wp:attachment":[{"href":"https:\/\/agora.xtec.cat\/escolapacocandel\/wp-json\/wp\/v2\/media?parent=9855"}],"wp:term":[{"taxonomy":"category","embeddable":true,"href":"https:\/\/agora.xtec.cat\/escolapacocandel\/wp-json\/wp\/v2\/categories?post=9855"},{"taxonomy":"post_tag","embeddable":true,"href":"https:\/\/agora.xtec.cat\/escolapacocandel\/wp-json\/wp\/v2\/tags?post=9855"}],"curies":[{"name":"wp","href":"https:\/\/api.w.org\/{rel}","templated":true}]}}