{"id":9852,"date":"2025-04-07T13:32:45","date_gmt":"2025-04-07T11:32:45","guid":{"rendered":"https:\/\/agora.xtec.cat\/escolapacocandel\/?p=9852"},"modified":"2025-04-07T13:32:45","modified_gmt":"2025-04-07T11:32:45","slug":"ambients-a-la-comunitat-de-petits-i-petites","status":"publish","type":"post","link":"https:\/\/agora.xtec.cat\/escolapacocandel\/comunitat-de-petits\/ambients-a-la-comunitat-de-petits-i-petites\/","title":{"rendered":"Ambients a la Comunitat de petits i petites"},"content":{"rendered":"<p>Durant el segon trimestre del curs els infants dels grups de tres anys es van incorporar als ambients de la comunitat de petites i petits, que ja estaven en funcionament amb els infants de quatre i cinc anys des del mes d&#8217;octubre.<\/p>\n<p class=\"\" data-start=\"140\" data-end=\"454\">La incorporaci\u00f3 de dos nous grups, ha portat l&#8217;obertura de dues noves propostes: la de m\u00f3n simb\u00f2lic i la d\u2019art. Aquests espais, que ja eren coneguts pels infants de quatre i cinc anys de cursos anteriors, han tornat a prendre vida i ofereixen ara una nova oportunitat de descoberta, expressi\u00f3 i joc compartit.<\/p>\n<p class=\"\" data-start=\"777\" data-end=\"1186\">La barreja d\u2019edats i ritmes maduratius enriqueix profundament la vida als ambients i permet ampliar la mirada, els vincles i les experi\u00e8ncies compartides entre infants de tres, quatre i cinc anys. Els infants m\u00e9s petits troben models a seguir, referents i un entorn estimulant on cr\u00e9ixer, mentre que els m\u00e9s grans desenvolupen empatia, paci\u00e8ncia i habilitats de cura envers els altres. Aquest intercanvi natural afavoreix un aprenentatge significatiu i viu, on cada infant pot avan\u00e7ar al seu ritme, amb respecte i escolta.<\/p>\n<p>Clicant <a href=\"https:\/\/agora.xtec.cat\/escolapacocandel\/fotos-privat\/fotos-ambients-petites-2n-trim-2024-25\/\"><strong>AQU\u00cd<\/strong><\/a>\u00a0podeu veure un recull de fotos d&#8217;aquestes sessions.<\/p>\n","protected":false},"excerpt":{"rendered":"<p>Durant el segon trimestre del curs els infants dels grups de tres anys es van incorporar als ambients de la comunitat de petites i petits, que ja estaven en funcionament amb els infants de quatre i cinc anys des del mes d&#8217;octubre.<br \/>\nLa incorporaci\u00f3 de dos&hellip;  <a href=\"https:\/\/agora.xtec.cat\/escolapacocandel\/comunitat-de-petits\/ambients-a-la-comunitat-de-petits-i-petites\/\" title=\"Read Ambients a la Comunitat de petits i petites\">Llegeix m\u00e9s\u00bb<\/a><\/p>\n","protected":false},"author":60,"featured_media":9853,"comment_status":"open","ping_status":"closed","sticky":false,"template":"","format":"standard","meta":{"_bbp_topic_count":0,"_bbp_reply_count":0,"_bbp_total_topic_count":0,"_bbp_total_reply_count":0,"_bbp_voice_count":0,"_bbp_anonymous_reply_count":0,"_bbp_topic_count_hidden":0,"_bbp_reply_count_hidden":0,"_bbp_forum_subforum_count":0,"footnotes":""},"categories":[128],"tags":[96,210],"class_list":["post-9852","post","type-post","status-publish","format-standard","has-post-thumbnail","hentry","category-comunitat-de-petits","tag-ambients","tag-comunitatdepetites"],"post_mailing_queue_ids":[],"_links":{"self":[{"href":"https:\/\/agora.xtec.cat\/escolapacocandel\/wp-json\/wp\/v2\/posts\/9852","targetHints":{"allow":["GET"]}}],"collection":[{"href":"https:\/\/agora.xtec.cat\/escolapacocandel\/wp-json\/wp\/v2\/posts"}],"about":[{"href":"https:\/\/agora.xtec.cat\/escolapacocandel\/wp-json\/wp\/v2\/types\/post"}],"author":[{"embeddable":true,"href":"https:\/\/agora.xtec.cat\/escolapacocandel\/wp-json\/wp\/v2\/users\/60"}],"replies":[{"embeddable":true,"href":"https:\/\/agora.xtec.cat\/escolapacocandel\/wp-json\/wp\/v2\/comments?post=9852"}],"version-history":[{"count":1,"href":"https:\/\/agora.xtec.cat\/escolapacocandel\/wp-json\/wp\/v2\/posts\/9852\/revisions"}],"predecessor-version":[{"id":9854,"href":"https:\/\/agora.xtec.cat\/escolapacocandel\/wp-json\/wp\/v2\/posts\/9852\/revisions\/9854"}],"wp:featuredmedia":[{"embeddable":true,"href":"https:\/\/agora.xtec.cat\/escolapacocandel\/wp-json\/wp\/v2\/media\/9853"}],"wp:attachment":[{"href":"https:\/\/agora.xtec.cat\/escolapacocandel\/wp-json\/wp\/v2\/media?parent=9852"}],"wp:term":[{"taxonomy":"category","embeddable":true,"href":"https:\/\/agora.xtec.cat\/escolapacocandel\/wp-json\/wp\/v2\/categories?post=9852"},{"taxonomy":"post_tag","embeddable":true,"href":"https:\/\/agora.xtec.cat\/escolapacocandel\/wp-json\/wp\/v2\/tags?post=9852"}],"curies":[{"name":"wp","href":"https:\/\/api.w.org\/{rel}","templated":true}]}}