{"id":9838,"date":"2025-04-06T16:57:24","date_gmt":"2025-04-06T14:57:24","guid":{"rendered":"https:\/\/agora.xtec.cat\/escolapacocandel\/?p=9838"},"modified":"2025-04-06T17:00:22","modified_gmt":"2025-04-06T15:00:22","slug":"educacio-fisica-3r-al-2n-trimestre","status":"publish","type":"post","link":"https:\/\/agora.xtec.cat\/escolapacocandel\/comunitat-de-mitjans\/educacio-fisica-3r-al-2n-trimestre\/","title":{"rendered":"Educaci\u00f3 f\u00edsica 3r al 2n trimestre"},"content":{"rendered":"<p class=\"\" data-start=\"327\" data-end=\"727\">Aquest trimestre, l&#8217;alumnat de 3r de prim\u00e0ria han estat immersos en un projecte molt especial: el treball de l\u2019expressi\u00f3 corporal a trav\u00e9s de diverses din\u00e0miques. Una d&#8217;elles m\u00e9s teatrals i actuacions inspirades en el m\u00f3n del circ.<\/p>\n<p class=\"\" data-start=\"327\" data-end=\"727\">Aquesta experi\u00e8ncia ha perm\u00e8s als alumnes explorar el seu cos com a instrument de comunicaci\u00f3, potenciar la creativitat i millorar la confian\u00e7a en si mateixos. A m\u00e9s, el treball cooperatiu ha estat clau per dur a terme les actuacions: calia escoltar-se, coordinar-se i animar-se m\u00fatuament.<\/p>\n<p class=\"\" data-start=\"1373\" data-end=\"1513\">Ha estat una experi\u00e8ncia plena de moviment, descobriments i emocions que ha enriquit el dia a dia a l\u2019aula i ha deixat moments com els que podeu veure a continuaci\u00f3.<\/p>\n<p>&nbsp;<\/p>\n<blockquote class=\"wp-embedded-content\" data-secret=\"tP6qfKcVca\"><p><a href=\"https:\/\/agora.xtec.cat\/escolapacocandel\/fotos-privat\/fotos-3r-del-2n-trim\/\">Fotos 3r del 2n trim<\/a><\/p><\/blockquote>\n<p><iframe loading=\"lazy\" class=\"wp-embedded-content\" sandbox=\"allow-scripts\" security=\"restricted\" style=\"position: absolute; clip: rect(1px, 1px, 1px, 1px);\" title=\"&#8220;Fotos 3r del 2n trim&#8221; &#8212; Escola Paco Candel\" src=\"https:\/\/agora.xtec.cat\/escolapacocandel\/fotos-privat\/fotos-3r-del-2n-trim\/embed\/#?secret=pNO3Yg6GPS#?secret=tP6qfKcVca\" data-secret=\"tP6qfKcVca\" width=\"500\" height=\"282\" frameborder=\"0\" marginwidth=\"0\" marginheight=\"0\" scrolling=\"no\"><\/iframe><\/p>\n","protected":false},"excerpt":{"rendered":"<p>Aquest trimestre, l&#8217;alumnat de 3r de prim\u00e0ria han estat immersos en un projecte molt especial: el treball de l\u2019expressi\u00f3 corporal a trav\u00e9s de diverses din\u00e0miques. Una d&#8217;elles m\u00e9s teatrals i actuacions inspirades en el m\u00f3n del circ.<br \/>\nAquesta experi\u00e8ncia ha perm\u00e8s als alumnes explorar el seu&hellip;  <a href=\"https:\/\/agora.xtec.cat\/escolapacocandel\/comunitat-de-mitjans\/educacio-fisica-3r-al-2n-trimestre\/\" title=\"Read Educaci\u00f3 f\u00edsica 3r al 2n trimestre\">Llegeix m\u00e9s\u00bb<\/a><\/p>\n","protected":false},"author":25,"featured_media":9842,"comment_status":"open","ping_status":"closed","sticky":false,"template":"","format":"standard","meta":{"_bbp_topic_count":0,"_bbp_reply_count":0,"_bbp_total_topic_count":0,"_bbp_total_reply_count":0,"_bbp_voice_count":0,"_bbp_anonymous_reply_count":0,"_bbp_topic_count_hidden":0,"_bbp_reply_count_hidden":0,"_bbp_forum_subforum_count":0,"footnotes":""},"categories":[127,141],"tags":[],"class_list":["post-9838","post","type-post","status-publish","format-standard","has-post-thumbnail","hentry","category-comunitat-de-mitjans","category-3r"],"post_mailing_queue_ids":[],"_links":{"self":[{"href":"https:\/\/agora.xtec.cat\/escolapacocandel\/wp-json\/wp\/v2\/posts\/9838","targetHints":{"allow":["GET"]}}],"collection":[{"href":"https:\/\/agora.xtec.cat\/escolapacocandel\/wp-json\/wp\/v2\/posts"}],"about":[{"href":"https:\/\/agora.xtec.cat\/escolapacocandel\/wp-json\/wp\/v2\/types\/post"}],"author":[{"embeddable":true,"href":"https:\/\/agora.xtec.cat\/escolapacocandel\/wp-json\/wp\/v2\/users\/25"}],"replies":[{"embeddable":true,"href":"https:\/\/agora.xtec.cat\/escolapacocandel\/wp-json\/wp\/v2\/comments?post=9838"}],"version-history":[{"count":2,"href":"https:\/\/agora.xtec.cat\/escolapacocandel\/wp-json\/wp\/v2\/posts\/9838\/revisions"}],"predecessor-version":[{"id":9840,"href":"https:\/\/agora.xtec.cat\/escolapacocandel\/wp-json\/wp\/v2\/posts\/9838\/revisions\/9840"}],"wp:featuredmedia":[{"embeddable":true,"href":"https:\/\/agora.xtec.cat\/escolapacocandel\/wp-json\/wp\/v2\/media\/9842"}],"wp:attachment":[{"href":"https:\/\/agora.xtec.cat\/escolapacocandel\/wp-json\/wp\/v2\/media?parent=9838"}],"wp:term":[{"taxonomy":"category","embeddable":true,"href":"https:\/\/agora.xtec.cat\/escolapacocandel\/wp-json\/wp\/v2\/categories?post=9838"},{"taxonomy":"post_tag","embeddable":true,"href":"https:\/\/agora.xtec.cat\/escolapacocandel\/wp-json\/wp\/v2\/tags?post=9838"}],"curies":[{"name":"wp","href":"https:\/\/api.w.org\/{rel}","templated":true}]}}