{"id":9831,"date":"2025-04-06T16:45:40","date_gmt":"2025-04-06T14:45:40","guid":{"rendered":"https:\/\/agora.xtec.cat\/escolapacocandel\/?p=9831"},"modified":"2025-04-06T17:00:05","modified_gmt":"2025-04-06T15:00:05","slug":"educacio-fisica-2n-2n-trimestre","status":"publish","type":"post","link":"https:\/\/agora.xtec.cat\/escolapacocandel\/comunitat-de-mitjans\/educacio-fisica-2n-2n-trimestre\/","title":{"rendered":"Educaci\u00f3 f\u00edsica 2n el 2n trimestre"},"content":{"rendered":"<p class=\"\" data-start=\"199\" data-end=\"515\">Al llarg d\u2019aquest trimestre, els nens i nenes de 2n de prim\u00e0ria han estat treballant l\u2019expressi\u00f3 corporal dins l\u2019\u00e0rea d\u2019Educaci\u00f3 F\u00edsica. Mitjan\u00e7ant activitats l\u00fadiques com jocs de moviment, danses, m\u00edmica i petites representacions, han pogut explorar el seu cos com a eina per comunicar emocions, idees i sentiments.<\/p>\n<p class=\"\" data-start=\"517\" data-end=\"865\">L\u2019expressi\u00f3 corporal \u00e9s molt m\u00e9s que moure\u2019s: \u00e9s una manera d\u2019aprendre a con\u00e8ixer-se, a confiar en un mateix i a relacionar-se amb els altres d\u2019una forma creativa i respectuosa. A trav\u00e9s d\u2019aquest treball, l\u2019alumnat desenvolupa habilitats motrius b\u00e0siques com la coordinaci\u00f3 i l\u2019equilibri, alhora que millora la seva autoestima i seguretat personal.<\/p>\n<p class=\"\" data-start=\"867\" data-end=\"1120\">A m\u00e9s, aquestes activitats fomenten el treball en equip, la cooperaci\u00f3 i el respecte pel grup. \u00c9s una oportunitat perqu\u00e8 cada infant expressi la seva personalitat i emocions, alhora que apr\u00e8n a escoltar i valorar les propostes dels companys i companyes.<\/p>\n<p class=\"\" data-start=\"1373\" data-end=\"1513\">Ha estat una experi\u00e8ncia plena de moviment, descobriments i emocions que ha enriquit el dia a dia a l\u2019aula i ha deixat moments inoblidables.<\/p>\n<p data-start=\"1373\" data-end=\"1513\">A continuaci\u00f3 un petit recull d&#8217;imatges d&#8217;aquest trimestre.<\/p>\n<blockquote class=\"wp-embedded-content\" data-secret=\"mnN80jnDxk\"><p><a href=\"https:\/\/agora.xtec.cat\/escolapacocandel\/fotos-privat\/fotos-2n-2n-trim\/\">Fotos 2n 2n trim<\/a><\/p><\/blockquote>\n<p><iframe loading=\"lazy\" class=\"wp-embedded-content\" sandbox=\"allow-scripts\" security=\"restricted\" style=\"position: absolute; clip: rect(1px, 1px, 1px, 1px);\" title=\"&#8220;Fotos 2n 2n trim&#8221; &#8212; Escola Paco Candel\" src=\"https:\/\/agora.xtec.cat\/escolapacocandel\/fotos-privat\/fotos-2n-2n-trim\/embed\/#?secret=L1PiZCB4uj#?secret=mnN80jnDxk\" data-secret=\"mnN80jnDxk\" width=\"500\" height=\"282\" frameborder=\"0\" marginwidth=\"0\" marginheight=\"0\" scrolling=\"no\"><\/iframe><\/p>\n","protected":false},"excerpt":{"rendered":"<p>Al llarg d\u2019aquest trimestre, els nens i nenes de 2n de prim\u00e0ria han estat treballant l\u2019expressi\u00f3 corporal dins l\u2019\u00e0rea d\u2019Educaci\u00f3 F\u00edsica. Mitjan\u00e7ant activitats l\u00fadiques com jocs de moviment, danses, m\u00edmica i petites representacions, han pogut explorar el seu cos com a eina per comunicar emocions,&hellip;  <a href=\"https:\/\/agora.xtec.cat\/escolapacocandel\/comunitat-de-mitjans\/educacio-fisica-2n-2n-trimestre\/\" title=\"Read Educaci\u00f3 f\u00edsica 2n el 2n trimestre\">Llegeix m\u00e9s\u00bb<\/a><\/p>\n","protected":false},"author":25,"featured_media":9832,"comment_status":"open","ping_status":"closed","sticky":false,"template":"","format":"standard","meta":{"_bbp_topic_count":0,"_bbp_reply_count":0,"_bbp_total_topic_count":0,"_bbp_total_reply_count":0,"_bbp_voice_count":0,"_bbp_anonymous_reply_count":0,"_bbp_topic_count_hidden":0,"_bbp_reply_count_hidden":0,"_bbp_forum_subforum_count":0,"footnotes":""},"categories":[127,137],"tags":[],"class_list":["post-9831","post","type-post","status-publish","format-standard","has-post-thumbnail","hentry","category-comunitat-de-mitjans","category-2n"],"post_mailing_queue_ids":[],"_links":{"self":[{"href":"https:\/\/agora.xtec.cat\/escolapacocandel\/wp-json\/wp\/v2\/posts\/9831","targetHints":{"allow":["GET"]}}],"collection":[{"href":"https:\/\/agora.xtec.cat\/escolapacocandel\/wp-json\/wp\/v2\/posts"}],"about":[{"href":"https:\/\/agora.xtec.cat\/escolapacocandel\/wp-json\/wp\/v2\/types\/post"}],"author":[{"embeddable":true,"href":"https:\/\/agora.xtec.cat\/escolapacocandel\/wp-json\/wp\/v2\/users\/25"}],"replies":[{"embeddable":true,"href":"https:\/\/agora.xtec.cat\/escolapacocandel\/wp-json\/wp\/v2\/comments?post=9831"}],"version-history":[{"count":3,"href":"https:\/\/agora.xtec.cat\/escolapacocandel\/wp-json\/wp\/v2\/posts\/9831\/revisions"}],"predecessor-version":[{"id":9841,"href":"https:\/\/agora.xtec.cat\/escolapacocandel\/wp-json\/wp\/v2\/posts\/9831\/revisions\/9841"}],"wp:featuredmedia":[{"embeddable":true,"href":"https:\/\/agora.xtec.cat\/escolapacocandel\/wp-json\/wp\/v2\/media\/9832"}],"wp:attachment":[{"href":"https:\/\/agora.xtec.cat\/escolapacocandel\/wp-json\/wp\/v2\/media?parent=9831"}],"wp:term":[{"taxonomy":"category","embeddable":true,"href":"https:\/\/agora.xtec.cat\/escolapacocandel\/wp-json\/wp\/v2\/categories?post=9831"},{"taxonomy":"post_tag","embeddable":true,"href":"https:\/\/agora.xtec.cat\/escolapacocandel\/wp-json\/wp\/v2\/tags?post=9831"}],"curies":[{"name":"wp","href":"https:\/\/api.w.org\/{rel}","templated":true}]}}