{"id":9822,"date":"2025-04-06T16:37:14","date_gmt":"2025-04-06T14:37:14","guid":{"rendered":"https:\/\/agora.xtec.cat\/escolapacocandel\/?p=9822"},"modified":"2025-04-06T16:37:14","modified_gmt":"2025-04-06T14:37:14","slug":"educacio-fisica-de-1r-el-2n-trimestre","status":"publish","type":"post","link":"https:\/\/agora.xtec.cat\/escolapacocandel\/general\/educacio-fisica-de-1r-el-2n-trimestre\/","title":{"rendered":"Educaci\u00f3 f\u00edsica de 1r el 2n trimestre."},"content":{"rendered":"<p class=\"\" data-start=\"231\" data-end=\"541\">Durant aquest trimestre, els nens i nenes de 1r de prim\u00e0ria han estat immersos en una experi\u00e8ncia educativa centrada en l\u2019expressi\u00f3 corporal. A trav\u00e9s de jocs, din\u00e0miques de grup, danses i petites dramatitzacions, l\u2019alumnat ha pogut explorar el seu cos com a mitj\u00e0 de comunicaci\u00f3 i d\u2019expressi\u00f3 de les emocions.<\/p>\n<p class=\"\" data-start=\"543\" data-end=\"926\">Aquest tipus d\u2019activitats no nom\u00e9s fomenta la creativitat i la imaginaci\u00f3, sin\u00f3 que tamb\u00e9 t\u00e9 m\u00faltiples beneficis en el desenvolupament global dels infants. D\u2019una banda, millora la coordinaci\u00f3, l\u2019equilibri i la consci\u00e8ncia corporal. D\u2019altra banda, ajuda a refor\u00e7ar l\u2019autoestima i la confian\u00e7a, ja que els infants aprenen a expressar-se lliurement sense por al judici dels altres.<\/p>\n<p class=\"\" data-start=\"928\" data-end=\"1177\">Un altre aspecte clau \u00e9s el treball en equip i el respecte pels companys. En moltes de les propostes, cal cooperar, escoltar i adaptar-se als altres, la qual cosa afavoreix la cohesi\u00f3 de grup i l\u2019aprenentatge de valors com l\u2019empatia i la toler\u00e0ncia.<\/p>\n<p class=\"\" data-start=\"1179\" data-end=\"1568\">Amb aquestes activitats tamb\u00e9 es t\u00e9 en compte el desenvolupament emocional, social i f\u00edsic de l\u2019alumnat. L\u2019expressi\u00f3 corporal esdev\u00e9 aix\u00ed una eina educativa molt potent per ajudar els infants a con\u00e8ixer-se millor, a relacionar-se de manera sana i a gaudir del seu cos com a font de comunicaci\u00f3 i plaer.<\/p>\n<p class=\"\" data-start=\"1570\" data-end=\"1731\">En definitiva, ha estat una experi\u00e8ncia enriquidora, plena de moviment, emoci\u00f3 i aprenentatges significatius que acompanyaran l\u2019alumnat molt m\u00e9s enll\u00e0 de l\u2019aula.<\/p>\n<blockquote class=\"wp-embedded-content\" data-secret=\"nuWeCxirRZ\"><p><a href=\"https:\/\/agora.xtec.cat\/escolapacocandel\/comunitat-de-mitjans\/fotos-1r-2n-trim\/\">Fotos 1r 2n trim<\/a><\/p><\/blockquote>\n<p><iframe loading=\"lazy\" class=\"wp-embedded-content\" sandbox=\"allow-scripts\" security=\"restricted\" style=\"position: absolute; clip: rect(1px, 1px, 1px, 1px);\" title=\"&#8220;Fotos 1r 2n trim&#8221; &#8212; Escola Paco Candel\" src=\"https:\/\/agora.xtec.cat\/escolapacocandel\/comunitat-de-mitjans\/fotos-1r-2n-trim\/embed\/#?secret=QVAHwvzsI5#?secret=nuWeCxirRZ\" data-secret=\"nuWeCxirRZ\" width=\"500\" height=\"282\" frameborder=\"0\" marginwidth=\"0\" marginheight=\"0\" scrolling=\"no\"><\/iframe><\/p>\n","protected":false},"excerpt":{"rendered":"<p>Durant aquest trimestre, els nens i nenes de 1r de prim\u00e0ria han estat immersos en una experi\u00e8ncia educativa centrada en l\u2019expressi\u00f3 corporal. A trav\u00e9s de jocs, din\u00e0miques de grup, danses i petites dramatitzacions, l\u2019alumnat ha pogut explorar el seu cos com a mitj\u00e0 de comunicaci\u00f3&hellip;  <a href=\"https:\/\/agora.xtec.cat\/escolapacocandel\/general\/educacio-fisica-de-1r-el-2n-trimestre\/\" title=\"Read Educaci\u00f3 f\u00edsica de 1r el 2n trimestre.\">Llegeix m\u00e9s\u00bb<\/a><\/p>\n","protected":false},"author":25,"featured_media":9826,"comment_status":"open","ping_status":"closed","sticky":false,"template":"","format":"standard","meta":{"_bbp_topic_count":0,"_bbp_reply_count":0,"_bbp_total_topic_count":0,"_bbp_total_reply_count":0,"_bbp_voice_count":0,"_bbp_anonymous_reply_count":0,"_bbp_topic_count_hidden":0,"_bbp_reply_count_hidden":0,"_bbp_forum_subforum_count":0,"footnotes":""},"categories":[127,1,140],"tags":[],"class_list":["post-9822","post","type-post","status-publish","format-standard","has-post-thumbnail","hentry","category-comunitat-de-mitjans","category-general","category-1r"],"post_mailing_queue_ids":[],"_links":{"self":[{"href":"https:\/\/agora.xtec.cat\/escolapacocandel\/wp-json\/wp\/v2\/posts\/9822","targetHints":{"allow":["GET"]}}],"collection":[{"href":"https:\/\/agora.xtec.cat\/escolapacocandel\/wp-json\/wp\/v2\/posts"}],"about":[{"href":"https:\/\/agora.xtec.cat\/escolapacocandel\/wp-json\/wp\/v2\/types\/post"}],"author":[{"embeddable":true,"href":"https:\/\/agora.xtec.cat\/escolapacocandel\/wp-json\/wp\/v2\/users\/25"}],"replies":[{"embeddable":true,"href":"https:\/\/agora.xtec.cat\/escolapacocandel\/wp-json\/wp\/v2\/comments?post=9822"}],"version-history":[{"count":2,"href":"https:\/\/agora.xtec.cat\/escolapacocandel\/wp-json\/wp\/v2\/posts\/9822\/revisions"}],"predecessor-version":[{"id":9827,"href":"https:\/\/agora.xtec.cat\/escolapacocandel\/wp-json\/wp\/v2\/posts\/9822\/revisions\/9827"}],"wp:featuredmedia":[{"embeddable":true,"href":"https:\/\/agora.xtec.cat\/escolapacocandel\/wp-json\/wp\/v2\/media\/9826"}],"wp:attachment":[{"href":"https:\/\/agora.xtec.cat\/escolapacocandel\/wp-json\/wp\/v2\/media?parent=9822"}],"wp:term":[{"taxonomy":"category","embeddable":true,"href":"https:\/\/agora.xtec.cat\/escolapacocandel\/wp-json\/wp\/v2\/categories?post=9822"},{"taxonomy":"post_tag","embeddable":true,"href":"https:\/\/agora.xtec.cat\/escolapacocandel\/wp-json\/wp\/v2\/tags?post=9822"}],"curies":[{"name":"wp","href":"https:\/\/api.w.org\/{rel}","templated":true}]}}