{"id":9817,"date":"2025-04-06T16:20:06","date_gmt":"2025-04-06T14:20:06","guid":{"rendered":"https:\/\/agora.xtec.cat\/escolapacocandel\/?p=9817"},"modified":"2025-04-06T17:03:04","modified_gmt":"2025-04-06T15:03:04","slug":"cursa-dorientacio","status":"publish","type":"post","link":"https:\/\/agora.xtec.cat\/escolapacocandel\/comunitat-de-grans\/cursa-dorientacio\/","title":{"rendered":"Cursa d&#8217;orientaci\u00f3"},"content":{"rendered":"<p>L&#8217;alumnat de 4t de prim\u00e0ria d\u2019algunes escoles p\u00fabliques de L\u2019H han participat en una cursa d\u2019orientaci\u00f3 al Parc de Can Buxeres. Ha estat la 7a edici\u00f3 de la cursa d\u2019orientaci\u00f3 organitzada pel seminari d\u2019Educaci\u00f3 F\u00edsica, que forma part del, PFZ, del Pla de Formaci\u00f3 de Zona de L\u2019Hospitalet.<\/p>\n<p>Les ternes han estat formades per grups de 3\/4 alumnes i han hagut de trobar 5 fites que se\u2019ls hi ha marcat en el parc. Han completat el full de control correctament marcat per superar la cursa en el menys temps possible. Ha estat una jornada l\u00fadico-esportiva sense entrega de premis i buscant l\u2019objectiu que els alumnes coneguin i participin d\u2019una cursa d\u2019orientaci\u00f3.<\/p>\n<p>Aqu\u00ed teniu un petit recull d&#8217;imatges de la jornada.<\/p>\n<blockquote class=\"wp-embedded-content\" data-secret=\"3bZE08jhYX\"><p><a href=\"https:\/\/agora.xtec.cat\/escolapacocandel\/fotos-privat\/fotos-cursa\/\">Fotos cursa<\/a><\/p><\/blockquote>\n<p><iframe loading=\"lazy\" class=\"wp-embedded-content\" sandbox=\"allow-scripts\" security=\"restricted\" style=\"position: absolute; clip: rect(1px, 1px, 1px, 1px);\" title=\"&#8220;Fotos cursa&#8221; &#8212; Escola Paco Candel\" src=\"https:\/\/agora.xtec.cat\/escolapacocandel\/fotos-privat\/fotos-cursa\/embed\/#?secret=UD1WWL3Sj3#?secret=3bZE08jhYX\" data-secret=\"3bZE08jhYX\" width=\"500\" height=\"282\" frameborder=\"0\" marginwidth=\"0\" marginheight=\"0\" scrolling=\"no\"><\/iframe><\/p>\n","protected":false},"excerpt":{"rendered":"<p>L&#8217;alumnat de 4t de prim\u00e0ria d\u2019algunes escoles p\u00fabliques de L\u2019H han participat en una cursa d\u2019orientaci\u00f3 al Parc de Can Buxeres. Ha estat la 7a edici\u00f3 de la cursa d\u2019orientaci\u00f3 organitzada pel seminari d\u2019Educaci\u00f3 F\u00edsica, que forma part del, PFZ, del Pla de Formaci\u00f3 de&hellip;  <a href=\"https:\/\/agora.xtec.cat\/escolapacocandel\/comunitat-de-grans\/cursa-dorientacio\/\" title=\"Read Cursa d&#8217;orientaci\u00f3\">Llegeix m\u00e9s\u00bb<\/a><\/p>\n","protected":false},"author":25,"featured_media":9843,"comment_status":"open","ping_status":"closed","sticky":false,"template":"","format":"standard","meta":{"_bbp_topic_count":0,"_bbp_reply_count":0,"_bbp_total_topic_count":0,"_bbp_total_reply_count":0,"_bbp_voice_count":0,"_bbp_anonymous_reply_count":0,"_bbp_topic_count_hidden":0,"_bbp_reply_count_hidden":0,"_bbp_forum_subforum_count":0,"footnotes":""},"categories":[129,143],"tags":[],"class_list":["post-9817","post","type-post","status-publish","format-standard","has-post-thumbnail","hentry","category-comunitat-de-grans","category-4t"],"post_mailing_queue_ids":[],"_links":{"self":[{"href":"https:\/\/agora.xtec.cat\/escolapacocandel\/wp-json\/wp\/v2\/posts\/9817","targetHints":{"allow":["GET"]}}],"collection":[{"href":"https:\/\/agora.xtec.cat\/escolapacocandel\/wp-json\/wp\/v2\/posts"}],"about":[{"href":"https:\/\/agora.xtec.cat\/escolapacocandel\/wp-json\/wp\/v2\/types\/post"}],"author":[{"embeddable":true,"href":"https:\/\/agora.xtec.cat\/escolapacocandel\/wp-json\/wp\/v2\/users\/25"}],"replies":[{"embeddable":true,"href":"https:\/\/agora.xtec.cat\/escolapacocandel\/wp-json\/wp\/v2\/comments?post=9817"}],"version-history":[{"count":2,"href":"https:\/\/agora.xtec.cat\/escolapacocandel\/wp-json\/wp\/v2\/posts\/9817\/revisions"}],"predecessor-version":[{"id":9821,"href":"https:\/\/agora.xtec.cat\/escolapacocandel\/wp-json\/wp\/v2\/posts\/9817\/revisions\/9821"}],"wp:featuredmedia":[{"embeddable":true,"href":"https:\/\/agora.xtec.cat\/escolapacocandel\/wp-json\/wp\/v2\/media\/9843"}],"wp:attachment":[{"href":"https:\/\/agora.xtec.cat\/escolapacocandel\/wp-json\/wp\/v2\/media?parent=9817"}],"wp:term":[{"taxonomy":"category","embeddable":true,"href":"https:\/\/agora.xtec.cat\/escolapacocandel\/wp-json\/wp\/v2\/categories?post=9817"},{"taxonomy":"post_tag","embeddable":true,"href":"https:\/\/agora.xtec.cat\/escolapacocandel\/wp-json\/wp\/v2\/tags?post=9817"}],"curies":[{"name":"wp","href":"https:\/\/api.w.org\/{rel}","templated":true}]}}