{"id":9804,"date":"2025-03-26T11:50:20","date_gmt":"2025-03-26T10:50:20","guid":{"rendered":"https:\/\/agora.xtec.cat\/escolapacocandel\/?p=9804"},"modified":"2025-03-26T11:51:46","modified_gmt":"2025-03-26T10:51:46","slug":"i3-sortida-a-la-puntual","status":"publish","type":"post","link":"https:\/\/agora.xtec.cat\/escolapacocandel\/comunitat-de-petits\/i3-sortida-a-la-puntual\/","title":{"rendered":"I3 SORTIDA A LA PUNTUAL"},"content":{"rendered":"<p class=\"\" data-start=\"59\" data-end=\"400\">El darrer dilluns 24 de mar\u00e7 els nens i les nenes dels grups de tres anys van fer una sortida al teatre m\u00e9s petit de Barcelona, La Puntual. Van viure una jornada molt especial plena de diversi\u00f3 i descobriments. Primer, van gaudir de l&#8217;obra d&#8217;<strong data-start=\"194\" data-end=\"208\">En Patufet<\/strong>, una representaci\u00f3 plena de m\u00e0gia i emoci\u00f3 que els va captivar des del primer moment. Els infants van gaudir molt de la hist\u00f2ria i van participar activament, rient i cantant amb en Patufet.<\/p>\n<p class=\"\" data-start=\"402\" data-end=\"914\">Despr\u00e9s del teatre, aprofitant el bon dia, van anar a dinar al <strong data-start=\"459\" data-end=\"484\">Parc de la Ciutadella<\/strong>. All\u00e0 van visitar l&#8217;hivernacle i van passejar pel costat del llac de les barques, observant els \u00e0necs i saludant a les persones que s&#8217;hi despla\u00e7aven per l&#8217;aigua sobre les barques. Despr\u00e9s de dinar, encara van tenir temps per jugar al parc, compartint rialles i moments de complicitat amb els companys.<\/p>\n<p data-start=\"402\" data-end=\"914\">Aqu\u00ed us deixem un tastet de les fotos:<\/p>\n<blockquote class=\"wp-embedded-content\" data-secret=\"O7U0AJZt20\"><p><a href=\"https:\/\/agora.xtec.cat\/escolapacocandel\/fotos-privat\/i3-fotos-sortida-a-la-puntual\/\">I3 FOTOS Sortida a La Puntual<\/a><\/p><\/blockquote>\n<p><iframe loading=\"lazy\" class=\"wp-embedded-content\" sandbox=\"allow-scripts\" security=\"restricted\" style=\"position: absolute; clip: rect(1px, 1px, 1px, 1px);\" title=\"&#8220;I3 FOTOS Sortida a La Puntual&#8221; &#8212; Escola Paco Candel\" src=\"https:\/\/agora.xtec.cat\/escolapacocandel\/fotos-privat\/i3-fotos-sortida-a-la-puntual\/embed\/#?secret=wfdgdt6or7#?secret=O7U0AJZt20\" data-secret=\"O7U0AJZt20\" width=\"500\" height=\"282\" frameborder=\"0\" marginwidth=\"0\" marginheight=\"0\" scrolling=\"no\"><\/iframe><\/p>\n","protected":false},"excerpt":{"rendered":"<p>El darrer dilluns 24 de mar\u00e7 els nens i les nenes dels grups de tres anys van fer una sortida al teatre m\u00e9s petit de Barcelona, La Puntual. Van viure una jornada molt especial plena de diversi\u00f3 i descobriments. Primer, van gaudir de l&#8217;obra d&#8217;En&hellip;  <a href=\"https:\/\/agora.xtec.cat\/escolapacocandel\/comunitat-de-petits\/i3-sortida-a-la-puntual\/\" title=\"Read I3 SORTIDA A LA PUNTUAL\">Llegeix m\u00e9s\u00bb<\/a><\/p>\n","protected":false},"author":60,"featured_media":9805,"comment_status":"open","ping_status":"closed","sticky":false,"template":"","format":"standard","meta":{"_bbp_topic_count":0,"_bbp_reply_count":0,"_bbp_total_topic_count":0,"_bbp_total_reply_count":0,"_bbp_voice_count":0,"_bbp_anonymous_reply_count":0,"_bbp_topic_count_hidden":0,"_bbp_reply_count_hidden":0,"_bbp_forum_subforum_count":0,"footnotes":""},"categories":[182,128],"tags":[92,153],"class_list":["post-9804","post","type-post","status-publish","format-standard","has-post-thumbnail","hentry","category-3-anys","category-comunitat-de-petits","tag-sortides","tag-teatre"],"post_mailing_queue_ids":[],"_links":{"self":[{"href":"https:\/\/agora.xtec.cat\/escolapacocandel\/wp-json\/wp\/v2\/posts\/9804","targetHints":{"allow":["GET"]}}],"collection":[{"href":"https:\/\/agora.xtec.cat\/escolapacocandel\/wp-json\/wp\/v2\/posts"}],"about":[{"href":"https:\/\/agora.xtec.cat\/escolapacocandel\/wp-json\/wp\/v2\/types\/post"}],"author":[{"embeddable":true,"href":"https:\/\/agora.xtec.cat\/escolapacocandel\/wp-json\/wp\/v2\/users\/60"}],"replies":[{"embeddable":true,"href":"https:\/\/agora.xtec.cat\/escolapacocandel\/wp-json\/wp\/v2\/comments?post=9804"}],"version-history":[{"count":1,"href":"https:\/\/agora.xtec.cat\/escolapacocandel\/wp-json\/wp\/v2\/posts\/9804\/revisions"}],"predecessor-version":[{"id":9807,"href":"https:\/\/agora.xtec.cat\/escolapacocandel\/wp-json\/wp\/v2\/posts\/9804\/revisions\/9807"}],"wp:featuredmedia":[{"embeddable":true,"href":"https:\/\/agora.xtec.cat\/escolapacocandel\/wp-json\/wp\/v2\/media\/9805"}],"wp:attachment":[{"href":"https:\/\/agora.xtec.cat\/escolapacocandel\/wp-json\/wp\/v2\/media?parent=9804"}],"wp:term":[{"taxonomy":"category","embeddable":true,"href":"https:\/\/agora.xtec.cat\/escolapacocandel\/wp-json\/wp\/v2\/categories?post=9804"},{"taxonomy":"post_tag","embeddable":true,"href":"https:\/\/agora.xtec.cat\/escolapacocandel\/wp-json\/wp\/v2\/tags?post=9804"}],"curies":[{"name":"wp","href":"https:\/\/api.w.org\/{rel}","templated":true}]}}