{"id":9790,"date":"2025-03-19T11:00:14","date_gmt":"2025-03-19T10:00:14","guid":{"rendered":"https:\/\/agora.xtec.cat\/escolapacocandel\/?p=9790"},"modified":"2025-03-17T20:38:01","modified_gmt":"2025-03-17T19:38:01","slug":"el-consum-responsable-a-6e-a","status":"publish","type":"post","link":"https:\/\/agora.xtec.cat\/escolapacocandel\/comunitat-de-grans\/el-consum-responsable-a-6e-a\/","title":{"rendered":"El consum responsable a 6\u00e8 A!"},"content":{"rendered":"<p data-start=\"51\" data-end=\"123\"><strong data-start=\"51\" data-end=\"121\">Un segon trimestre ple d&#8217;aprenentatge sobre el consum responsable!<\/strong><\/p>\n<p data-start=\"125\" data-end=\"403\">Aquest segon trimestre, els infants de la classe Art&#8217;s life han dut a terme un projecte molt especial centrat en el <strong data-start=\"229\" data-end=\"251\">consum responsable<\/strong>. Com en tots els projectes, el primer pas ha estat decidir els objectius, repartir c\u00e0rrecs i reflexionar sobre qu\u00e8 vol\u00edem aprendre i de quina manera.<\/p>\n<p data-start=\"405\" data-end=\"703\">A partir d&#8217;aquesta planificaci\u00f3 inicial, hem fet molta recerca i hem treballat amb <strong data-start=\"488\" data-end=\"515\">robots Lego Spike Prime<\/strong>, <strong data-start=\"517\" data-end=\"541\">reciclatge de capses<\/strong> i la creaci\u00f3 d&#8217;un <strong data-start=\"560\" data-end=\"591\">dec\u00e0leg per a un bon consum responsable<\/strong>. A m\u00e9s, hem dut a terme diverses activitats per entendre millor la import\u00e0ncia de l&#8217;\u00fas<a href=\"https:\/\/agora.xtec.cat\/escolapacocandel\/wp-content\/uploads\/usu332\/2025\/03\/Captura-de-pantalla-2025-03-17-203346.png\"><img loading=\"lazy\" decoding=\"async\" class=\"alignright size-medium wp-image-9792\" src=\"https:\/\/agora.xtec.cat\/escolapacocandel\/wp-content\/uploads\/usu332\/2025\/03\/Captura-de-pantalla-2025-03-17-203346-240x300.png\" alt=\"\" width=\"240\" height=\"300\" srcset=\"https:\/\/agora.xtec.cat\/escolapacocandel\/wp-content\/uploads\/usu332\/2025\/03\/Captura-de-pantalla-2025-03-17-203346-240x300.png 240w, https:\/\/agora.xtec.cat\/escolapacocandel\/wp-content\/uploads\/usu332\/2025\/03\/Captura-de-pantalla-2025-03-17-203346.png 742w\" sizes=\"auto, (max-width: 240px) 100vw, 240px\" \/><\/a> <a href=\"https:\/\/agora.xtec.cat\/escolapacocandel\/wp-content\/uploads\/usu332\/2025\/03\/Captura-de-pantalla-2025-03-17-203258.png\"><img loading=\"lazy\" decoding=\"async\" class=\"alignright size-medium wp-image-9793\" src=\"https:\/\/agora.xtec.cat\/escolapacocandel\/wp-content\/uploads\/usu332\/2025\/03\/Captura-de-pantalla-2025-03-17-203258-225x300.png\" alt=\"\" width=\"225\" height=\"300\" srcset=\"https:\/\/agora.xtec.cat\/escolapacocandel\/wp-content\/uploads\/usu332\/2025\/03\/Captura-de-pantalla-2025-03-17-203258-225x300.png 225w, https:\/\/agora.xtec.cat\/escolapacocandel\/wp-content\/uploads\/usu332\/2025\/03\/Captura-de-pantalla-2025-03-17-203258-769x1024.png 769w, https:\/\/agora.xtec.cat\/escolapacocandel\/wp-content\/uploads\/usu332\/2025\/03\/Captura-de-pantalla-2025-03-17-203258-768x1022.png 768w, https:\/\/agora.xtec.cat\/escolapacocandel\/wp-content\/uploads\/usu332\/2025\/03\/Captura-de-pantalla-2025-03-17-203258.png 918w\" sizes=\"auto, (max-width: 225px) 100vw, 225px\" \/><\/a> conscient dels recursos mitjan\u00e7ant:<\/p>\n<p data-start=\"705\" data-end=\"1074\">\ud83d\udd39 <strong data-start=\"708\" data-end=\"720\">Sortides<\/strong> per con\u00e8ixer de prop les energies renovables a Can Santoi<br data-start=\"766\" data-end=\"769\" \/>\ud83d\udd39 <strong data-start=\"772\" data-end=\"797\">Tallers d&#8217;experiments<\/strong> dins de l&#8217;aula per entendre conceptes cient\u00edfics relacionats amb la sostenibilitat, l&#8217;efecte hivernacle i els gasos.\u00a0<br data-start=\"881\" data-end=\"884\" \/>\ud83d\udd39 <strong data-start=\"887\" data-end=\"935\">Visites al mercat i a botigues de proximitat<\/strong> per reflexionar sobre el consum local i fer un petit tastet amb els nostres fillols i filloles.\u00a0<br data-start=\"974\" data-end=\"977\" \/>\ud83d\udd39 <strong data-start=\"980\" data-end=\"1011\">Plantaci\u00f3 d&#8217;un hort escolar<\/strong> per valorar els beneficis dels productes de quil\u00f2metre zero i veure com evoluciona i creix.<\/p>\n<p data-start=\"1076\" data-end=\"1395\">Com a <strong data-start=\"1082\" data-end=\"1100\">producte final<\/strong>, cada equip de projecte ha constru\u00eft una <strong data-start=\"1142\" data-end=\"1163\">ciutat sostenible<\/strong>, que encaixa amb la resta, posant \u00e8mfasi en les energies renovables treballades i vinculada amb un pa\u00eds potencialment pioner en aquesta energia. A m\u00e9s, hem creat un <strong data-start=\"1265\" data-end=\"1285\">v\u00eddeo documental<\/strong> on es mostra el dia a dia del projecte des de la veu dels infants, que en s\u00f3n els veritables protagonistes.<\/p>\n<p data-start=\"1397\" data-end=\"1580\">Ha estat una experi\u00e8ncia d&#8217;aprenentatge enriquidora que ens ha perm\u00e8s reflexionar i actuar per a un futur m\u00e9s sostenible.\u00a0\ud83c\udf31\ud83c\udf0d\u2728<\/p>\n<p data-start=\"1397\" data-end=\"1580\">Aqu\u00ed us deixem les fotografies i el v\u00eddeo documental:<\/p>\n<blockquote class=\"wp-embedded-content\" data-secret=\"Fy6t4iuJxX\"><p><a href=\"https:\/\/agora.xtec.cat\/escolapacocandel\/fotos-privat\/fotos-el-consum-responsable-a-6e-a\/\">Fotos: El consum responsable a 6\u00e8 A!<\/a><\/p><\/blockquote>\n<p><iframe loading=\"lazy\" class=\"wp-embedded-content\" sandbox=\"allow-scripts\" security=\"restricted\" style=\"position: absolute; clip: rect(1px, 1px, 1px, 1px);\" title=\"&#8220;Fotos: El consum responsable a 6\u00e8 A!&#8221; &#8212; Escola Paco Candel\" src=\"https:\/\/agora.xtec.cat\/escolapacocandel\/fotos-privat\/fotos-el-consum-responsable-a-6e-a\/embed\/#?secret=J0FvkFmd71#?secret=Fy6t4iuJxX\" data-secret=\"Fy6t4iuJxX\" width=\"500\" height=\"282\" frameborder=\"0\" marginwidth=\"0\" marginheight=\"0\" scrolling=\"no\"><\/iframe><\/p>\n","protected":false},"excerpt":{"rendered":"<p>Un segon trimestre ple d&#8217;aprenentatge sobre el consum responsable!<br \/>\nAquest segon trimestre, els infants de la classe Art&#8217;s life han dut a terme un projecte molt especial centrat en el consum responsable. Com en tots els projectes, el primer pas ha estat decidir els objectius, repartir&hellip;  <a href=\"https:\/\/agora.xtec.cat\/escolapacocandel\/comunitat-de-grans\/el-consum-responsable-a-6e-a\/\" title=\"Read El consum responsable a 6\u00e8 A!\">Llegeix m\u00e9s\u00bb<\/a><\/p>\n","protected":false},"author":20,"featured_media":9791,"comment_status":"open","ping_status":"closed","sticky":false,"template":"","format":"standard","meta":{"_bbp_topic_count":0,"_bbp_reply_count":0,"_bbp_total_topic_count":0,"_bbp_total_reply_count":0,"_bbp_voice_count":0,"_bbp_anonymous_reply_count":0,"_bbp_topic_count_hidden":0,"_bbp_reply_count_hidden":0,"_bbp_forum_subforum_count":0,"footnotes":""},"categories":[129,146],"tags":[],"class_list":["post-9790","post","type-post","status-publish","format-standard","has-post-thumbnail","hentry","category-comunitat-de-grans","category-6e"],"post_mailing_queue_ids":[],"_links":{"self":[{"href":"https:\/\/agora.xtec.cat\/escolapacocandel\/wp-json\/wp\/v2\/posts\/9790","targetHints":{"allow":["GET"]}}],"collection":[{"href":"https:\/\/agora.xtec.cat\/escolapacocandel\/wp-json\/wp\/v2\/posts"}],"about":[{"href":"https:\/\/agora.xtec.cat\/escolapacocandel\/wp-json\/wp\/v2\/types\/post"}],"author":[{"embeddable":true,"href":"https:\/\/agora.xtec.cat\/escolapacocandel\/wp-json\/wp\/v2\/users\/20"}],"replies":[{"embeddable":true,"href":"https:\/\/agora.xtec.cat\/escolapacocandel\/wp-json\/wp\/v2\/comments?post=9790"}],"version-history":[{"count":2,"href":"https:\/\/agora.xtec.cat\/escolapacocandel\/wp-json\/wp\/v2\/posts\/9790\/revisions"}],"predecessor-version":[{"id":9797,"href":"https:\/\/agora.xtec.cat\/escolapacocandel\/wp-json\/wp\/v2\/posts\/9790\/revisions\/9797"}],"wp:featuredmedia":[{"embeddable":true,"href":"https:\/\/agora.xtec.cat\/escolapacocandel\/wp-json\/wp\/v2\/media\/9791"}],"wp:attachment":[{"href":"https:\/\/agora.xtec.cat\/escolapacocandel\/wp-json\/wp\/v2\/media?parent=9790"}],"wp:term":[{"taxonomy":"category","embeddable":true,"href":"https:\/\/agora.xtec.cat\/escolapacocandel\/wp-json\/wp\/v2\/categories?post=9790"},{"taxonomy":"post_tag","embeddable":true,"href":"https:\/\/agora.xtec.cat\/escolapacocandel\/wp-json\/wp\/v2\/tags?post=9790"}],"curies":[{"name":"wp","href":"https:\/\/api.w.org\/{rel}","templated":true}]}}