{"id":9785,"date":"2025-03-13T12:25:58","date_gmt":"2025-03-13T11:25:58","guid":{"rendered":"https:\/\/agora.xtec.cat\/escolapacocandel\/?p=9785"},"modified":"2025-03-13T12:25:58","modified_gmt":"2025-03-13T11:25:58","slug":"taller-3r-veus-i-ritmes-de-lafrica","status":"publish","type":"post","link":"https:\/\/agora.xtec.cat\/escolapacocandel\/comunitat-de-mitjans\/taller-3r-veus-i-ritmes-de-lafrica\/","title":{"rendered":"Taller 3r: Veus i ritmes de l&#8217;\u00c0frica"},"content":{"rendered":"<p data-start=\"113\" data-end=\"408\">Els infants de tercer han viscut una experi\u00e8ncia musical\u00a0 amb el taller <em data-start=\"190\" data-end=\"217\">Veus i ritmes de l\u2019\u00c0frica<\/em>. A trav\u00e9s del moviment, el cant a veus i la percussi\u00f3 corporal, han explorat la riquesa de la m\u00fasica africana mentre treballaven la coordinaci\u00f3 i el ritme de manera l\u00fadica i participativa.<\/p>\n<p data-start=\"410\" data-end=\"697\" data-is-last-node=\"\" data-is-only-node=\"\">Amb molta energia i entusiasme, han muntat un petit repertori ple de sons i ritmes vibrants que ens han fet viatjar per cultures i tradicions d\u2019altres continents. Sens dubte, una experi\u00e8ncia enriquidora que els ha perm\u00e8s descobrir noves maneres d\u2019expressar-se a trav\u00e9s de la m\u00fasica!<\/p>\n<p>A continuaci\u00f3 podeu veure les fotos i els v\u00eddeos del taller:<\/p>\n<blockquote class=\"wp-embedded-content\" data-secret=\"eCsfkDORc6\"><p><a href=\"https:\/\/agora.xtec.cat\/escolapacocandel\/fotos-privat\/fotos-veus-i-ritmes-de-lafrica-3r\/\">FOTOS veus i ritmes de l&#8217;\u00c0frica (3r)<\/a><\/p><\/blockquote>\n<p><iframe loading=\"lazy\" class=\"wp-embedded-content\" sandbox=\"allow-scripts\" security=\"restricted\" style=\"position: absolute; clip: rect(1px, 1px, 1px, 1px);\" title=\"&#8220;FOTOS veus i ritmes de l&#8217;\u00c0frica (3r)&#8221; &#8212; Escola Paco Candel\" src=\"https:\/\/agora.xtec.cat\/escolapacocandel\/fotos-privat\/fotos-veus-i-ritmes-de-lafrica-3r\/embed\/#?secret=6SKBFRSxS3#?secret=eCsfkDORc6\" data-secret=\"eCsfkDORc6\" width=\"500\" height=\"282\" frameborder=\"0\" marginwidth=\"0\" marginheight=\"0\" scrolling=\"no\"><\/iframe><\/p>\n","protected":false},"excerpt":{"rendered":"<p>Els infants de tercer han viscut una experi\u00e8ncia musical\u00a0 amb el taller Veus i ritmes de l\u2019\u00c0frica. A trav\u00e9s del moviment, el cant a veus i la percussi\u00f3 corporal, han explorat la riquesa de la m\u00fasica africana mentre treballaven la coordinaci\u00f3 i el ritme de&hellip;  <a href=\"https:\/\/agora.xtec.cat\/escolapacocandel\/comunitat-de-mitjans\/taller-3r-veus-i-ritmes-de-lafrica\/\" title=\"Read Taller 3r: Veus i ritmes de l&#8217;\u00c0frica\">Llegeix m\u00e9s\u00bb<\/a><\/p>\n","protected":false},"author":21,"featured_media":9787,"comment_status":"open","ping_status":"closed","sticky":false,"template":"","format":"standard","meta":{"_bbp_topic_count":0,"_bbp_reply_count":0,"_bbp_total_topic_count":0,"_bbp_total_reply_count":0,"_bbp_voice_count":0,"_bbp_anonymous_reply_count":0,"_bbp_topic_count_hidden":0,"_bbp_reply_count_hidden":0,"_bbp_forum_subforum_count":0,"footnotes":""},"categories":[127,141],"tags":[],"class_list":["post-9785","post","type-post","status-publish","format-standard","has-post-thumbnail","hentry","category-comunitat-de-mitjans","category-3r"],"post_mailing_queue_ids":[],"_links":{"self":[{"href":"https:\/\/agora.xtec.cat\/escolapacocandel\/wp-json\/wp\/v2\/posts\/9785","targetHints":{"allow":["GET"]}}],"collection":[{"href":"https:\/\/agora.xtec.cat\/escolapacocandel\/wp-json\/wp\/v2\/posts"}],"about":[{"href":"https:\/\/agora.xtec.cat\/escolapacocandel\/wp-json\/wp\/v2\/types\/post"}],"author":[{"embeddable":true,"href":"https:\/\/agora.xtec.cat\/escolapacocandel\/wp-json\/wp\/v2\/users\/21"}],"replies":[{"embeddable":true,"href":"https:\/\/agora.xtec.cat\/escolapacocandel\/wp-json\/wp\/v2\/comments?post=9785"}],"version-history":[{"count":3,"href":"https:\/\/agora.xtec.cat\/escolapacocandel\/wp-json\/wp\/v2\/posts\/9785\/revisions"}],"predecessor-version":[{"id":9789,"href":"https:\/\/agora.xtec.cat\/escolapacocandel\/wp-json\/wp\/v2\/posts\/9785\/revisions\/9789"}],"wp:featuredmedia":[{"embeddable":true,"href":"https:\/\/agora.xtec.cat\/escolapacocandel\/wp-json\/wp\/v2\/media\/9787"}],"wp:attachment":[{"href":"https:\/\/agora.xtec.cat\/escolapacocandel\/wp-json\/wp\/v2\/media?parent=9785"}],"wp:term":[{"taxonomy":"category","embeddable":true,"href":"https:\/\/agora.xtec.cat\/escolapacocandel\/wp-json\/wp\/v2\/categories?post=9785"},{"taxonomy":"post_tag","embeddable":true,"href":"https:\/\/agora.xtec.cat\/escolapacocandel\/wp-json\/wp\/v2\/tags?post=9785"}],"curies":[{"name":"wp","href":"https:\/\/api.w.org\/{rel}","templated":true}]}}