{"id":9779,"date":"2025-03-12T10:47:17","date_gmt":"2025-03-12T09:47:17","guid":{"rendered":"https:\/\/agora.xtec.cat\/escolapacocandel\/?p=9779"},"modified":"2025-03-12T10:47:17","modified_gmt":"2025-03-12T09:47:17","slug":"preinscripcio-escolar-4","status":"publish","type":"post","link":"https:\/\/agora.xtec.cat\/escolapacocandel\/general\/preinscripcio-escolar-4\/","title":{"rendered":"PREINSCRIPCI\u00d3 ESCOLAR"},"content":{"rendered":"<p>Us fem arribar la informaci\u00f3 necess\u00e0ria per realitzar la preinscripci\u00f3 escolar. Les dates per realitzar la preinscripci\u00f3 s\u00f3n <strong>del 12 al 26 de mar\u00e7 de 2025. <\/strong>\u00a0https:\/\/preinscripcio.gencat.cat\/ca\/inici\/<\/p>\n<p>A continuaci\u00f3, us proporcionem un v\u00eddeo explicatiu per fer la sol\u00b7licitud.<\/p>\n<p><a href=\"https:\/\/youtu.be\/9xMdvXoFR_4\"><img loading=\"lazy\" decoding=\"async\" class=\"aligncenter size-full wp-image-9780\" src=\"https:\/\/agora.xtec.cat\/escolapacocandel\/wp-content\/uploads\/usu332\/2025\/03\/VIDEO.jpg\" alt=\"\" width=\"668\" height=\"490\" srcset=\"https:\/\/agora.xtec.cat\/escolapacocandel\/wp-content\/uploads\/usu332\/2025\/03\/VIDEO.jpg 668w, https:\/\/agora.xtec.cat\/escolapacocandel\/wp-content\/uploads\/usu332\/2025\/03\/VIDEO-300x220.jpg 300w\" sizes=\"auto, (max-width: 668px) 100vw, 668px\" \/><\/a><\/p>\n","protected":false},"excerpt":{"rendered":"<p>Us fem arribar la informaci\u00f3 necess\u00e0ria per realitzar la preinscripci\u00f3 escolar. Les dates per realitzar la preinscripci\u00f3 s\u00f3n del 12 al 26 de mar\u00e7 de 2025. \u00a0https:\/\/preinscripcio.gencat.cat\/ca\/inici\/<br \/>\nA continuaci\u00f3, us proporcionem un v\u00eddeo explicatiu per fer la sol\u00b7licitud.<br \/>\n<a href=\"https:\/\/youtu.be\/9xMdvXoFR_4\"><\/a><\/p>\n","protected":false},"author":12,"featured_media":9781,"comment_status":"open","ping_status":"closed","sticky":false,"template":"","format":"standard","meta":{"_bbp_topic_count":0,"_bbp_reply_count":0,"_bbp_total_topic_count":0,"_bbp_total_reply_count":0,"_bbp_voice_count":0,"_bbp_anonymous_reply_count":0,"_bbp_topic_count_hidden":0,"_bbp_reply_count_hidden":0,"_bbp_forum_subforum_count":0,"footnotes":""},"categories":[1,4,213],"tags":[],"class_list":["post-9779","post","type-post","status-publish","format-standard","has-post-thumbnail","hentry","category-general","category-portada","category-preinscripcio"],"post_mailing_queue_ids":[],"_links":{"self":[{"href":"https:\/\/agora.xtec.cat\/escolapacocandel\/wp-json\/wp\/v2\/posts\/9779","targetHints":{"allow":["GET"]}}],"collection":[{"href":"https:\/\/agora.xtec.cat\/escolapacocandel\/wp-json\/wp\/v2\/posts"}],"about":[{"href":"https:\/\/agora.xtec.cat\/escolapacocandel\/wp-json\/wp\/v2\/types\/post"}],"author":[{"embeddable":true,"href":"https:\/\/agora.xtec.cat\/escolapacocandel\/wp-json\/wp\/v2\/users\/12"}],"replies":[{"embeddable":true,"href":"https:\/\/agora.xtec.cat\/escolapacocandel\/wp-json\/wp\/v2\/comments?post=9779"}],"version-history":[{"count":1,"href":"https:\/\/agora.xtec.cat\/escolapacocandel\/wp-json\/wp\/v2\/posts\/9779\/revisions"}],"predecessor-version":[{"id":9782,"href":"https:\/\/agora.xtec.cat\/escolapacocandel\/wp-json\/wp\/v2\/posts\/9779\/revisions\/9782"}],"wp:featuredmedia":[{"embeddable":true,"href":"https:\/\/agora.xtec.cat\/escolapacocandel\/wp-json\/wp\/v2\/media\/9781"}],"wp:attachment":[{"href":"https:\/\/agora.xtec.cat\/escolapacocandel\/wp-json\/wp\/v2\/media?parent=9779"}],"wp:term":[{"taxonomy":"category","embeddable":true,"href":"https:\/\/agora.xtec.cat\/escolapacocandel\/wp-json\/wp\/v2\/categories?post=9779"},{"taxonomy":"post_tag","embeddable":true,"href":"https:\/\/agora.xtec.cat\/escolapacocandel\/wp-json\/wp\/v2\/tags?post=9779"}],"curies":[{"name":"wp","href":"https:\/\/api.w.org\/{rel}","templated":true}]}}