{"id":9772,"date":"2025-03-10T17:13:41","date_gmt":"2025-03-10T16:13:41","guid":{"rendered":"https:\/\/agora.xtec.cat\/escolapacocandel\/?p=9772"},"modified":"2025-03-10T17:13:41","modified_gmt":"2025-03-10T16:13:41","slug":"sortida-a-la-granja-natura","status":"publish","type":"post","link":"https:\/\/agora.xtec.cat\/escolapacocandel\/comunitat-de-mitjans\/1r\/sortida-a-la-granja-natura\/","title":{"rendered":"SORTIDA A LA GRANJA NATURA"},"content":{"rendered":"<p>Els nens i nenes de primer de prim\u00e0ria han gaudit d&#8217;una experi\u00e8ncia fant\u00e0stica a la Granja Natura de Nav\u00e0s! Ha estat una sortida plena d&#8217;aprenentatge i diversi\u00f3 en contacte directe amb la natura i els animals.<\/p>\n<p>Durant la visita, han apr\u00e8s moltes curiositats sobre diferents esp\u00e8cies d&#8217;animals i han tingut l&#8217;oportunitat d&#8217;interactuar-hi de ben a prop. Han pogut donar menjar a la vaca, a les cabres i als em\u00fas. Tamb\u00e9 han observat altres animals com l&#8217;esquirol, el porc esp\u00ed, el pa\u00f3 reial i&#8230; han descob<img loading=\"lazy\" decoding=\"async\" class=\"alignleft\" src=\"https:\/\/lh3.googleusercontent.com\/pw\/AP1GczO505PSexjrQqvOnzaXTrqKV_NaP_zF_2ZLCB-afDhYWyevTqgVOsBvGLlM3QGTAfBtVDqoM-PZMq5rtJB8VTLzXjfWG4fHaEYQvrIc0Fsw1fRTKDna74TB67_rX6UKkVCIb1lacrMzxrD05nj9skz1Hw=w1187-h890-s-no-gm?authuser=1\" width=\"312\" height=\"234\" \/><span style=\"font-family: inherit; font-size: 1em;\">ert el m\u00f3n fascinant dels r\u00e8ptils. Amb molta valentia, han tocat serps, iguanes i altres animals sorprenents, aprene<\/span><span style=\"font-family: inherit; font-size: 1em;\">nt sobre les seves caracter\u00edstiques i h\u00e0bits.\u00a0<\/span><\/p>\n<p>Despr\u00e9s de l&#8217;activitat, han gaudit d&#8217;una estona de joc envoltats de natura, aprofitant per c\u00f3rrer, jugar i compartir moments especials amb els companys i companyes.<\/p>\n<p>&nbsp;<\/p>\n<p>&nbsp;<\/p>\n<p>Ha estat un dia ple d&#8217;aventures i nous aprenentatges!<\/p>\n<p>Aqu\u00ed teniu un recull de <a href=\"https:\/\/agora.xtec.cat\/escolapacocandel\/general\/fotos-sortida-granja-natura-2\/\">fotografies\u00a0<\/a><\/p>\n","protected":false},"excerpt":{"rendered":"<p>Els nens i nenes de primer de prim\u00e0ria han gaudit d&#8217;una experi\u00e8ncia fant\u00e0stica a la Granja Natura de Nav\u00e0s! Ha estat una sortida plena d&#8217;aprenentatge i diversi\u00f3 en contacte directe amb la natura i els animals.<br \/>\nDurant la visita, han apr\u00e8s moltes curiositats sobre diferents esp\u00e8cies&hellip;  <a href=\"https:\/\/agora.xtec.cat\/escolapacocandel\/comunitat-de-mitjans\/1r\/sortida-a-la-granja-natura\/\" title=\"Read SORTIDA A LA GRANJA NATURA\">Llegeix m\u00e9s\u00bb<\/a><\/p>\n","protected":false},"author":1,"featured_media":9773,"comment_status":"open","ping_status":"closed","sticky":false,"template":"","format":"standard","meta":{"_bbp_topic_count":0,"_bbp_reply_count":0,"_bbp_total_topic_count":0,"_bbp_total_reply_count":0,"_bbp_voice_count":0,"_bbp_anonymous_reply_count":0,"_bbp_topic_count_hidden":0,"_bbp_reply_count_hidden":0,"_bbp_forum_subforum_count":0,"footnotes":""},"categories":[140],"tags":[],"class_list":["post-9772","post","type-post","status-publish","format-standard","has-post-thumbnail","hentry","category-1r"],"post_mailing_queue_ids":[],"_links":{"self":[{"href":"https:\/\/agora.xtec.cat\/escolapacocandel\/wp-json\/wp\/v2\/posts\/9772","targetHints":{"allow":["GET"]}}],"collection":[{"href":"https:\/\/agora.xtec.cat\/escolapacocandel\/wp-json\/wp\/v2\/posts"}],"about":[{"href":"https:\/\/agora.xtec.cat\/escolapacocandel\/wp-json\/wp\/v2\/types\/post"}],"author":[{"embeddable":true,"href":"https:\/\/agora.xtec.cat\/escolapacocandel\/wp-json\/wp\/v2\/users\/1"}],"replies":[{"embeddable":true,"href":"https:\/\/agora.xtec.cat\/escolapacocandel\/wp-json\/wp\/v2\/comments?post=9772"}],"version-history":[{"count":1,"href":"https:\/\/agora.xtec.cat\/escolapacocandel\/wp-json\/wp\/v2\/posts\/9772\/revisions"}],"predecessor-version":[{"id":9774,"href":"https:\/\/agora.xtec.cat\/escolapacocandel\/wp-json\/wp\/v2\/posts\/9772\/revisions\/9774"}],"wp:featuredmedia":[{"embeddable":true,"href":"https:\/\/agora.xtec.cat\/escolapacocandel\/wp-json\/wp\/v2\/media\/9773"}],"wp:attachment":[{"href":"https:\/\/agora.xtec.cat\/escolapacocandel\/wp-json\/wp\/v2\/media?parent=9772"}],"wp:term":[{"taxonomy":"category","embeddable":true,"href":"https:\/\/agora.xtec.cat\/escolapacocandel\/wp-json\/wp\/v2\/categories?post=9772"},{"taxonomy":"post_tag","embeddable":true,"href":"https:\/\/agora.xtec.cat\/escolapacocandel\/wp-json\/wp\/v2\/tags?post=9772"}],"curies":[{"name":"wp","href":"https:\/\/api.w.org\/{rel}","templated":true}]}}