{"id":9758,"date":"2025-03-06T16:17:33","date_gmt":"2025-03-06T15:17:33","guid":{"rendered":"https:\/\/agora.xtec.cat\/escolapacocandel\/?p=9758"},"modified":"2025-03-06T16:17:33","modified_gmt":"2025-03-06T15:17:33","slug":"museu-dhistoria-de-catalunya","status":"publish","type":"post","link":"https:\/\/agora.xtec.cat\/escolapacocandel\/comunitat-de-grans\/museu-dhistoria-de-catalunya\/","title":{"rendered":"Museu d&#8217;hist\u00f2ria de Catalunya"},"content":{"rendered":"<p>Les dues classes de 5\u00e8 vam anar a fer la sortida de projecte al Museu d&#8217;Hist\u00f2ria de Catalunya, al barri de la Barceloneta.<\/p>\n<p>Ten\u00edem l&#8217;activitat reservada al migdia, aix\u00ed que vam aprofitar l&#8217;estona que ten\u00edem per darrere per fer un petit tour per la nostra ciutat tot veient i coneixent: la catedral de Barcelona, les columnes del Temple d&#8217;August, la pla\u00e7a del Rei, la pla\u00e7a de Sant Felip Neri i la pla\u00e7a Sant Jaume. Durant aquest trajecte vam aprendre moltes curiositats i tamb\u00e9 vam veure un tros de la muralla de Barcelona i de l&#8217;aq\u00fceducte.<\/p>\n<p><a href=\"https:\/\/agora.xtec.cat\/escolapacocandel\/wp-content\/uploads\/usu332\/2025\/03\/IMG_5610-2-scaled-e1741273821348.jpg\"><img loading=\"lazy\" decoding=\"async\" class=\"wp-image-9764 alignnone\" src=\"https:\/\/agora.xtec.cat\/escolapacocandel\/wp-content\/uploads\/usu332\/2025\/03\/IMG_5610-2-scaled-e1741273821348-768x1024.jpg\" alt=\"\" width=\"133\" height=\"177\" srcset=\"https:\/\/agora.xtec.cat\/escolapacocandel\/wp-content\/uploads\/usu332\/2025\/03\/IMG_5610-2-scaled-e1741273821348-768x1024.jpg 768w, https:\/\/agora.xtec.cat\/escolapacocandel\/wp-content\/uploads\/usu332\/2025\/03\/IMG_5610-2-scaled-e1741273821348-225x300.jpg 225w, https:\/\/agora.xtec.cat\/escolapacocandel\/wp-content\/uploads\/usu332\/2025\/03\/IMG_5610-2-scaled-e1741273821348-1152x1536.jpg 1152w, https:\/\/agora.xtec.cat\/escolapacocandel\/wp-content\/uploads\/usu332\/2025\/03\/IMG_5610-2-scaled-e1741273821348-1536x2048.jpg 1536w, https:\/\/agora.xtec.cat\/escolapacocandel\/wp-content\/uploads\/usu332\/2025\/03\/IMG_5610-2-scaled-e1741273821348.jpg 1920w\" sizes=\"auto, (max-width: 133px) 100vw, 133px\" \/><\/a><\/p>\n<p>Al museu vam dur a terme l&#8217;activitat el pas del temps a trav\u00e9s dels habitatges, veient les caracter\u00edstiques principals de cada etapa: prehist\u00f2ria, edat antiga, edat mitjana, edat moderna i edat contempor\u00e0nia. D&#8217;aquesta darrere ens va fer molta gr\u00e0cia perqu\u00e8 hi havia coses que reconeix\u00edem d&#8217;haver-ho vist o sentit explicar als nostres avis i \u00e0vies.<\/p>\n<p>Finalment, aprofitant que ens va fer un bon dia, vam anar a dinar plegades a la pla\u00e7a del Mar podent gaudir de les vistes de la platja de la Barceloneta i fins i tot remullar els peus a l&#8217;aigua.<\/p>\n<p><a href=\"https:\/\/agora.xtec.cat\/escolapacocandel\/wp-content\/uploads\/usu332\/2025\/03\/IMG_5661-1-scaled.jpg\"><img loading=\"lazy\" decoding=\"async\" class=\"wp-image-9763 aligncenter\" src=\"https:\/\/agora.xtec.cat\/escolapacocandel\/wp-content\/uploads\/usu332\/2025\/03\/IMG_5661-1-1024x768.jpg\" alt=\"\" width=\"316\" height=\"237\" srcset=\"https:\/\/agora.xtec.cat\/escolapacocandel\/wp-content\/uploads\/usu332\/2025\/03\/IMG_5661-1-1024x768.jpg 1024w, https:\/\/agora.xtec.cat\/escolapacocandel\/wp-content\/uploads\/usu332\/2025\/03\/IMG_5661-1-300x225.jpg 300w, https:\/\/agora.xtec.cat\/escolapacocandel\/wp-content\/uploads\/usu332\/2025\/03\/IMG_5661-1-768x576.jpg 768w, https:\/\/agora.xtec.cat\/escolapacocandel\/wp-content\/uploads\/usu332\/2025\/03\/IMG_5661-1-1536x1152.jpg 1536w, https:\/\/agora.xtec.cat\/escolapacocandel\/wp-content\/uploads\/usu332\/2025\/03\/IMG_5661-1-2048x1536.jpg 2048w, https:\/\/agora.xtec.cat\/escolapacocandel\/wp-content\/uploads\/usu332\/2025\/03\/IMG_5661-1-200x150.jpg 200w\" sizes=\"auto, (max-width: 316px) 100vw, 316px\" \/><\/a><\/p>\n<p>&nbsp;<\/p>\n<blockquote class=\"wp-embedded-content\" data-secret=\"lEEDSBCjx1\"><p><a href=\"https:\/\/agora.xtec.cat\/escolapacocandel\/fotos-privat\/fotos-museu-historia\/\">FOTOS MUSEU HISTORIA<\/a><\/p><\/blockquote>\n<p><iframe loading=\"lazy\" class=\"wp-embedded-content\" sandbox=\"allow-scripts\" security=\"restricted\" style=\"position: absolute; clip: rect(1px, 1px, 1px, 1px);\" title=\"&#8220;FOTOS MUSEU HISTORIA&#8221; &#8212; Escola Paco Candel\" src=\"https:\/\/agora.xtec.cat\/escolapacocandel\/fotos-privat\/fotos-museu-historia\/embed\/#?secret=2AUR2Cu5DO#?secret=lEEDSBCjx1\" data-secret=\"lEEDSBCjx1\" width=\"500\" height=\"282\" frameborder=\"0\" marginwidth=\"0\" marginheight=\"0\" scrolling=\"no\"><\/iframe><\/p>\n","protected":false},"excerpt":{"rendered":"<p>Les dues classes de 5\u00e8 vam anar a fer la sortida de projecte al Museu d&#8217;Hist\u00f2ria de Catalunya, al barri de la Barceloneta.<br \/>\nTen\u00edem l&#8217;activitat reservada al migdia, aix\u00ed que vam aprofitar l&#8217;estona que ten\u00edem per darrere per fer un petit tour per la nostra ciutat&hellip;  <a href=\"https:\/\/agora.xtec.cat\/escolapacocandel\/comunitat-de-grans\/museu-dhistoria-de-catalunya\/\" title=\"Read Museu d&#8217;hist\u00f2ria de Catalunya\">Llegeix m\u00e9s\u00bb<\/a><\/p>\n","protected":false},"author":27,"featured_media":9766,"comment_status":"open","ping_status":"closed","sticky":false,"template":"","format":"standard","meta":{"_bbp_topic_count":0,"_bbp_reply_count":0,"_bbp_total_topic_count":0,"_bbp_total_reply_count":0,"_bbp_voice_count":0,"_bbp_anonymous_reply_count":0,"_bbp_topic_count_hidden":0,"_bbp_reply_count_hidden":0,"_bbp_forum_subforum_count":0,"footnotes":""},"categories":[144,129],"tags":[202,203,214],"class_list":["post-9758","post","type-post","status-publish","format-standard","has-post-thumbnail","hentry","category-5e","category-comunitat-de-grans","tag-comunitatdegrans","tag-escolapacocandel","tag-projectehistoria"],"post_mailing_queue_ids":[],"_links":{"self":[{"href":"https:\/\/agora.xtec.cat\/escolapacocandel\/wp-json\/wp\/v2\/posts\/9758","targetHints":{"allow":["GET"]}}],"collection":[{"href":"https:\/\/agora.xtec.cat\/escolapacocandel\/wp-json\/wp\/v2\/posts"}],"about":[{"href":"https:\/\/agora.xtec.cat\/escolapacocandel\/wp-json\/wp\/v2\/types\/post"}],"author":[{"embeddable":true,"href":"https:\/\/agora.xtec.cat\/escolapacocandel\/wp-json\/wp\/v2\/users\/27"}],"replies":[{"embeddable":true,"href":"https:\/\/agora.xtec.cat\/escolapacocandel\/wp-json\/wp\/v2\/comments?post=9758"}],"version-history":[{"count":2,"href":"https:\/\/agora.xtec.cat\/escolapacocandel\/wp-json\/wp\/v2\/posts\/9758\/revisions"}],"predecessor-version":[{"id":9769,"href":"https:\/\/agora.xtec.cat\/escolapacocandel\/wp-json\/wp\/v2\/posts\/9758\/revisions\/9769"}],"wp:featuredmedia":[{"embeddable":true,"href":"https:\/\/agora.xtec.cat\/escolapacocandel\/wp-json\/wp\/v2\/media\/9766"}],"wp:attachment":[{"href":"https:\/\/agora.xtec.cat\/escolapacocandel\/wp-json\/wp\/v2\/media?parent=9758"}],"wp:term":[{"taxonomy":"category","embeddable":true,"href":"https:\/\/agora.xtec.cat\/escolapacocandel\/wp-json\/wp\/v2\/categories?post=9758"},{"taxonomy":"post_tag","embeddable":true,"href":"https:\/\/agora.xtec.cat\/escolapacocandel\/wp-json\/wp\/v2\/tags?post=9758"}],"curies":[{"name":"wp","href":"https:\/\/api.w.org\/{rel}","templated":true}]}}