{"id":9747,"date":"2025-02-18T18:06:19","date_gmt":"2025-02-18T17:06:19","guid":{"rendered":"https:\/\/agora.xtec.cat\/escolapacocandel\/?p=9747"},"modified":"2025-02-18T18:07:49","modified_gmt":"2025-02-18T17:07:49","slug":"sortida-cda-can-santoi","status":"publish","type":"post","link":"https:\/\/agora.xtec.cat\/escolapacocandel\/comunitat-de-grans\/sortida-cda-can-santoi\/","title":{"rendered":"Sortida CDA Can Santoi"},"content":{"rendered":"<p>Aquest dilluns l\u2019alumnat de 6\u00e8 de prim\u00e0ria de l\u2019Escola Paco Candel\u00a0de l\u2019Hospitalet de Llobregat realitzat el projecte El nostre amic el Sol.<\/p>\n<p>La benvinguda al\u00a0Camp d\u2019aprenentatge Can Santoi ha sigut ben c\u00e0lida, perqu\u00e8 han comen\u00e7at identificant els diferents tipus de radiaci\u00f3 que ens envia el Sol i quines utilitats poden tenir. Han reflexionat sobre l\u2019efecte dels colors foscos i l\u2019efecte hivernacle en relaci\u00f3 amb l\u2019absorci\u00f3 de la calor i els possibles perills de les radiacions m\u00e9s energ\u00e8tiques com els raigs X o la UV.<\/p>\n<p>Despr\u00e9s d\u2019una pausa per esmorzar, s\u2019han dividit en 9 grups per tal de participar en els seg\u00fcents tallers: la cuina solar, els col\u00b7lectors solars i la producci\u00f3 d\u2019electricitat amb les plaques fotovoltaiques.<img loading=\"lazy\" decoding=\"async\" class=\"alignright wp-image-22249\" src=\"https:\/\/serveiseducatius.xtec.cat\/cda-cansantoi\/wp-content\/uploads\/usu1385\/2025\/02\/2-7-225x300.jpg\" sizes=\"auto, (max-width: 243px) 100vw, 243px\" srcset=\"https:\/\/serveiseducatius.xtec.cat\/cda-cansantoi\/wp-content\/uploads\/usu1385\/2025\/02\/2-7-225x300.jpg 225w, https:\/\/serveiseducatius.xtec.cat\/cda-cansantoi\/wp-content\/uploads\/usu1385\/2025\/02\/2-7.jpg 600w\" alt=\"\" width=\"243\" height=\"324\" \/><\/p>\n<p>Sis dels equips s\u2019han convertit en cuiners i cuineres solars per comprovar que la forma parab\u00f2lica \u00e9s la que permet concentrar els raigs del Sol en un \u00fanic punt central, on han col\u00b7locat una olla amb una mica d\u2019aigua i un suport amb 4 pomes condimentades amb sucre i canyella. Com que tenim dues cuines, han pogut replicar aquest proc\u00e9s dues vegades, de manera que tres equips han utilitzat una olla negra i els altres tres una olla blanca. Cada 10 minuts han mesurat la temperatura de l\u2019aigua amb el term\u00f2metre i han vist que, al cap d\u2019uns 50 minuts, ha augmentat fins als 73\u202f\u00b0C en el cas de l\u2019olla blanca i uns 98\u202f\u00b0C en el cas de l\u2019olla negre. A m\u00e9s de veure la seva efici\u00e8ncia i les difer\u00e8ncies degudes al color de l\u2019olla, han pres consci\u00e8ncia de la utilitat d\u2019aquestes cuines tan senzilles per cuinar en llocs amb pocs recursos energ\u00e8tics.<\/p>\n<p><img loading=\"lazy\" decoding=\"async\" class=\" wp-image-22250 alignleft\" src=\"https:\/\/serveiseducatius.xtec.cat\/cda-cansantoi\/wp-content\/uploads\/usu1385\/2025\/02\/3-3-300x210.jpg\" sizes=\"auto, (max-width: 346px) 100vw, 346px\" srcset=\"https:\/\/serveiseducatius.xtec.cat\/cda-cansantoi\/wp-content\/uploads\/usu1385\/2025\/02\/3-3-300x210.jpg 300w, https:\/\/serveiseducatius.xtec.cat\/cda-cansantoi\/wp-content\/uploads\/usu1385\/2025\/02\/3-3-768x537.jpg 768w, https:\/\/serveiseducatius.xtec.cat\/cda-cansantoi\/wp-content\/uploads\/usu1385\/2025\/02\/3-3.jpg 800w\" alt=\"\" width=\"346\" height=\"242\" \/>Els tres equips restants han fet d\u2019escalfadors d\u2019aigua i, amb uns col\u00b7lectors solars (unes caixes de fusta ja preparades amb uns a\u00efllants a l\u2019interior i una m\u00e0nega negra amb aigua a dins), han muntat tres prototips amb diferent nombre de vidres de cobertora: un sense vidre, un altre amb un vidre i un tercer amb dos vidres. Aquest experiment els ha servit per comprendre que podem aprofitar la calor que ens proporciona el Sol per escalfar aigua i que els vidres s\u00f3n imprescindibles per recrear un efecte hivernacle al col\u00b7lector.<\/p>\n<p>Finalment, tothom ha participat en el taller de producci\u00f3 d\u2019electricitat amb les plaques fotovoltaiques. Han apr\u00e8s que representen una bona oportunitat per canviar els sistemes d\u2019obtenci\u00f3 d\u2019energia neta, dels recursos f\u00f2ssils a les renovables i menys contaminants. En el taller han constru\u00eft un petit circuit per veure com la llum del Sol es transforma en un corrent el\u00e8ctric capa\u00e7 de moure un petit molinet. S\u2019han sorpr\u00e8s en veure que, tot i que som al mes de febrer, la llum del sol \u00e9s m\u00e9s que suficient per generar electricitat amb una petita placa fotovoltaica!<\/p>\n<p>&nbsp;<\/p>\n<p>&nbsp;<\/p>\n<blockquote class=\"wp-embedded-content\" data-secret=\"ZLrWDAobZI\"><p><a href=\"https:\/\/agora.xtec.cat\/escolapacocandel\/fotos-privat\/fotos-cda-can-santoi\/\">Protegit: Fotos CDA Can Santoi<\/a><\/p><\/blockquote>\n<p><iframe loading=\"lazy\" class=\"wp-embedded-content\" sandbox=\"allow-scripts\" security=\"restricted\" style=\"position: absolute; clip: rect(1px, 1px, 1px, 1px);\" title=\"&#8220;Protegit: Fotos CDA Can Santoi&#8221; &#8212; Escola Paco Candel\" src=\"https:\/\/agora.xtec.cat\/escolapacocandel\/fotos-privat\/fotos-cda-can-santoi\/embed\/#?secret=mn4v0jVIUW#?secret=ZLrWDAobZI\" data-secret=\"ZLrWDAobZI\" width=\"500\" height=\"282\" frameborder=\"0\" marginwidth=\"0\" marginheight=\"0\" scrolling=\"no\"><\/iframe><\/p>\n","protected":false},"excerpt":{"rendered":"<p>Aquest dilluns l\u2019alumnat de 6\u00e8 de prim\u00e0ria de l\u2019Escola Paco Candel\u00a0de l\u2019Hospitalet de Llobregat realitzat el projecte El nostre amic el Sol.<br \/>\nLa benvinguda al\u00a0Camp d\u2019aprenentatge Can Santoi ha sigut ben c\u00e0lida, perqu\u00e8 han comen\u00e7at identificant els diferents tipus de radiaci\u00f3 que ens envia el Sol&hellip;  <a href=\"https:\/\/agora.xtec.cat\/escolapacocandel\/comunitat-de-grans\/sortida-cda-can-santoi\/\" title=\"Read Sortida CDA Can Santoi\">Llegeix m\u00e9s\u00bb<\/a><\/p>\n","protected":false},"author":20,"featured_media":9751,"comment_status":"open","ping_status":"closed","sticky":false,"template":"","format":"standard","meta":{"_bbp_topic_count":0,"_bbp_reply_count":0,"_bbp_total_topic_count":0,"_bbp_total_reply_count":0,"_bbp_voice_count":0,"_bbp_anonymous_reply_count":0,"_bbp_topic_count_hidden":0,"_bbp_reply_count_hidden":0,"_bbp_forum_subforum_count":0,"footnotes":""},"categories":[129,146],"tags":[],"class_list":["post-9747","post","type-post","status-publish","format-standard","has-post-thumbnail","hentry","category-comunitat-de-grans","category-6e"],"post_mailing_queue_ids":[],"_links":{"self":[{"href":"https:\/\/agora.xtec.cat\/escolapacocandel\/wp-json\/wp\/v2\/posts\/9747","targetHints":{"allow":["GET"]}}],"collection":[{"href":"https:\/\/agora.xtec.cat\/escolapacocandel\/wp-json\/wp\/v2\/posts"}],"about":[{"href":"https:\/\/agora.xtec.cat\/escolapacocandel\/wp-json\/wp\/v2\/types\/post"}],"author":[{"embeddable":true,"href":"https:\/\/agora.xtec.cat\/escolapacocandel\/wp-json\/wp\/v2\/users\/20"}],"replies":[{"embeddable":true,"href":"https:\/\/agora.xtec.cat\/escolapacocandel\/wp-json\/wp\/v2\/comments?post=9747"}],"version-history":[{"count":1,"href":"https:\/\/agora.xtec.cat\/escolapacocandel\/wp-json\/wp\/v2\/posts\/9747\/revisions"}],"predecessor-version":[{"id":9749,"href":"https:\/\/agora.xtec.cat\/escolapacocandel\/wp-json\/wp\/v2\/posts\/9747\/revisions\/9749"}],"wp:featuredmedia":[{"embeddable":true,"href":"https:\/\/agora.xtec.cat\/escolapacocandel\/wp-json\/wp\/v2\/media\/9751"}],"wp:attachment":[{"href":"https:\/\/agora.xtec.cat\/escolapacocandel\/wp-json\/wp\/v2\/media?parent=9747"}],"wp:term":[{"taxonomy":"category","embeddable":true,"href":"https:\/\/agora.xtec.cat\/escolapacocandel\/wp-json\/wp\/v2\/categories?post=9747"},{"taxonomy":"post_tag","embeddable":true,"href":"https:\/\/agora.xtec.cat\/escolapacocandel\/wp-json\/wp\/v2\/tags?post=9747"}],"curies":[{"name":"wp","href":"https:\/\/api.w.org\/{rel}","templated":true}]}}