{"id":9740,"date":"2025-02-18T11:17:13","date_gmt":"2025-02-18T10:17:13","guid":{"rendered":"https:\/\/agora.xtec.cat\/escolapacocandel\/?p=9740"},"modified":"2025-02-18T11:17:13","modified_gmt":"2025-02-18T10:17:13","slug":"programa-dinnovacio-pedagogica-aquiproubullying","status":"publish","type":"post","link":"https:\/\/agora.xtec.cat\/escolapacocandel\/general\/programa-dinnovacio-pedagogica-aquiproubullying\/","title":{"rendered":"Programa d\u2019innovaci\u00f3 pedag\u00f2gica #aquiproubullying"},"content":{"rendered":"<p class=\"cvGsUA direction-ltr align-justify para-style-body\"><span class=\"OYPEnA font-feature-liga-off font-feature-clig-off font-feature-calt-off text-decoration-none text-strikethrough-none\">Benvolgudes fam\u00edlies, <\/span><\/p>\n<p class=\"cvGsUA direction-ltr align-justify para-style-body\"><span class=\"OYPEnA font-feature-liga-off font-feature-clig-off font-feature-calt-off text-decoration-none text-strikethrough-none\">Tornem a oferir una 2a edici\u00f3!<\/span><\/p>\n<p class=\"cvGsUA direction-ltr align-justify para-style-body\"><span class=\"OYPEnA font-feature-liga-off font-feature-clig-off font-feature-calt-off text-decoration-none text-strikethrough-none\">Aquest programa promou el benestar emocional de l\u2019alumnat, la implicaci\u00f3 individual i col\u00b7lectiva en la millora de la conviv\u00e8ncia, i la sensibilitzaci\u00f3 envers l\u2019assetjament escolar com a factors clau en la prevenci\u00f3.<\/span><\/p>\n<p class=\"cvGsUA direction-ltr align-justify para-style-body\"><span class=\"OYPEnA font-feature-liga-off font-feature-clig-off font-feature-calt-off text-decoration-none text-strikethrough-none\">A banda, promou estrat\u00e8gies de detecci\u00f3 preventiva continuada, estructures de tipificaci\u00f3 i pautes en el proc\u00e9s d\u2019abordatge de situacions d\u2019assetjament i ciberassetjament escolar.<\/span><\/p>\n<p class=\"cvGsUA direction-ltr align-justify para-style-body\"><span class=\"OYPEnA font-feature-liga-off font-feature-clig-off font-feature-calt-off text-decoration-none text-strikethrough-none\">\u00c9s un programa on interv\u00e9 tota la comunitat educativa i a on les fam\u00edlies formeu part. <\/span><span class=\"OYPEnA font-feature-liga-off font-feature-clig-off font-feature-calt-off text-decoration-none text-strikethrough-none\">\u00c9s per aix\u00f2 que ens ofereixen una formaci\u00f3 sobre: El paper de les fam\u00edlies en l&#8217;assetjament escolar.<\/span><\/p>\n<p class=\"cvGsUA direction-ltr align-justify para-style-body\"><span class=\"OYPEnA font-feature-liga-off font-feature-clig-off font-feature-calt-off text-decoration-none text-strikethrough-none\">L\u2019activitat ser\u00e0 dinamitzada per una persona externa al centre experta en la tem\u00e0tica que vindr\u00e0 per fer-nos reflexionar sobre <\/span><span class=\"OYPEnA font-feature-liga-off font-feature-clig-off font-feature-calt-off text-decoration-none text-strikethrough-none\">com acompanyar els fills i filles en la prevenci\u00f3 i detecci\u00f3 de l&#8217;assetjament i l\u2019\u00fas saludable de les tecnologies.<\/span><\/p>\n<p class=\"cvGsUA direction-ltr align-justify para-style-body\"><span class=\"OYPEnA font-feature-liga-off font-feature-clig-off font-feature-calt-off text-decoration-none text-strikethrough-none\">La formaci\u00f3 es far\u00e0 en dues sessions en l\u2019horari de 17\u202fh a 19\u202fh. Inscripci\u00f3 <a href=\"https:\/\/forms.gle\/FWzF1awE2ph7g7LQ9\">aqu\u00ed\u00a0<\/a><\/span><\/p>\n<p class=\"cvGsUA direction-ltr align-justify para-style-body\"><span class=\"OYPEnA font-feature-liga-off font-feature-clig-off font-feature-calt-off text-decoration-none text-strikethrough-none\">Les dates seran <\/span><span class=\"OYPEnA font-feature-liga-off font-feature-clig-off font-feature-calt-off text-decoration-none text-strikethrough-none\">el 18 i 26 de mar\u00e7.<\/span><\/p>\n<p>&nbsp;<\/p>\n<table style=\"border-collapse: collapse; width: 100%;\">\n<tbody>\n<tr>\n<td style=\"width: 50%;\"><a href=\"https:\/\/agora.xtec.cat\/escolapacocandel\/wp-content\/uploads\/usu332\/2025\/02\/18demarc.png\"><img loading=\"lazy\" decoding=\"async\" class=\"wp-image-9741 alignleft\" src=\"https:\/\/agora.xtec.cat\/escolapacocandel\/wp-content\/uploads\/usu332\/2025\/02\/18demarc.png\" alt=\"\" width=\"121\" height=\"121\" srcset=\"https:\/\/agora.xtec.cat\/escolapacocandel\/wp-content\/uploads\/usu332\/2025\/02\/18demarc.png 246w, https:\/\/agora.xtec.cat\/escolapacocandel\/wp-content\/uploads\/usu332\/2025\/02\/18demarc-150x150.png 150w\" sizes=\"auto, (max-width: 121px) 100vw, 121px\" \/><\/a>Inscripci\u00f3 per a l&#8217;acollida gratu\u00efta del dia 18 de mar\u00e7.<\/td>\n<td style=\"width: 50%;\"><a href=\"https:\/\/agora.xtec.cat\/escolapacocandel\/wp-content\/uploads\/usu332\/2025\/02\/26demarc.png\">Inscripci\u00f3 per a l&#8217;acollida gratu\u00efta del dia 26 de mar\u00e7.<img loading=\"lazy\" decoding=\"async\" class=\"wp-image-9742 alignleft\" src=\"https:\/\/agora.xtec.cat\/escolapacocandel\/wp-content\/uploads\/usu332\/2025\/02\/26demarc.png\" alt=\"\" width=\"111\" height=\"111\" srcset=\"https:\/\/agora.xtec.cat\/escolapacocandel\/wp-content\/uploads\/usu332\/2025\/02\/26demarc.png 246w, https:\/\/agora.xtec.cat\/escolapacocandel\/wp-content\/uploads\/usu332\/2025\/02\/26demarc-150x150.png 150w\" sizes=\"auto, (max-width: 111px) 100vw, 111px\" \/><\/a><\/td>\n<\/tr>\n<\/tbody>\n<\/table>\n<p>&nbsp;<\/p>\n","protected":false},"excerpt":{"rendered":"<p>Benvolgudes fam\u00edlies,<br \/>\nTornem a oferir una 2a edici\u00f3!<br \/>\nAquest programa promou el benestar emocional de l\u2019alumnat, la implicaci\u00f3 individual i col\u00b7lectiva en la millora de la conviv\u00e8ncia, i la sensibilitzaci\u00f3 envers l\u2019assetjament escolar com a factors clau en la prevenci\u00f3.<br \/>\nA banda, promou estrat\u00e8gies de detecci\u00f3 preventiva&hellip;  <a href=\"https:\/\/agora.xtec.cat\/escolapacocandel\/general\/programa-dinnovacio-pedagogica-aquiproubullying\/\" title=\"Read Programa d\u2019innovaci\u00f3 pedag\u00f2gica #aquiproubullying\">Llegeix m\u00e9s\u00bb<\/a><\/p>\n","protected":false},"author":12,"featured_media":9743,"comment_status":"open","ping_status":"closed","sticky":false,"template":"","format":"standard","meta":{"_bbp_topic_count":0,"_bbp_reply_count":0,"_bbp_total_topic_count":0,"_bbp_total_reply_count":0,"_bbp_voice_count":0,"_bbp_anonymous_reply_count":0,"_bbp_topic_count_hidden":0,"_bbp_reply_count_hidden":0,"_bbp_forum_subforum_count":0,"footnotes":""},"categories":[1,4],"tags":[],"class_list":["post-9740","post","type-post","status-publish","format-standard","has-post-thumbnail","hentry","category-general","category-portada"],"post_mailing_queue_ids":[],"_links":{"self":[{"href":"https:\/\/agora.xtec.cat\/escolapacocandel\/wp-json\/wp\/v2\/posts\/9740","targetHints":{"allow":["GET"]}}],"collection":[{"href":"https:\/\/agora.xtec.cat\/escolapacocandel\/wp-json\/wp\/v2\/posts"}],"about":[{"href":"https:\/\/agora.xtec.cat\/escolapacocandel\/wp-json\/wp\/v2\/types\/post"}],"author":[{"embeddable":true,"href":"https:\/\/agora.xtec.cat\/escolapacocandel\/wp-json\/wp\/v2\/users\/12"}],"replies":[{"embeddable":true,"href":"https:\/\/agora.xtec.cat\/escolapacocandel\/wp-json\/wp\/v2\/comments?post=9740"}],"version-history":[{"count":1,"href":"https:\/\/agora.xtec.cat\/escolapacocandel\/wp-json\/wp\/v2\/posts\/9740\/revisions"}],"predecessor-version":[{"id":9744,"href":"https:\/\/agora.xtec.cat\/escolapacocandel\/wp-json\/wp\/v2\/posts\/9740\/revisions\/9744"}],"wp:featuredmedia":[{"embeddable":true,"href":"https:\/\/agora.xtec.cat\/escolapacocandel\/wp-json\/wp\/v2\/media\/9743"}],"wp:attachment":[{"href":"https:\/\/agora.xtec.cat\/escolapacocandel\/wp-json\/wp\/v2\/media?parent=9740"}],"wp:term":[{"taxonomy":"category","embeddable":true,"href":"https:\/\/agora.xtec.cat\/escolapacocandel\/wp-json\/wp\/v2\/categories?post=9740"},{"taxonomy":"post_tag","embeddable":true,"href":"https:\/\/agora.xtec.cat\/escolapacocandel\/wp-json\/wp\/v2\/tags?post=9740"}],"curies":[{"name":"wp","href":"https:\/\/api.w.org\/{rel}","templated":true}]}}